{"id":36346,"date":"2023-09-20T12:58:51","date_gmt":"2023-09-20T10:58:51","guid":{"rendered":"http:\/\/centralmedia.rs\/?p=36346"},"modified":"2023-09-20T12:58:51","modified_gmt":"2023-09-20T10:58:51","slug":"vicesampionka-evrope-iz-svilajnca","status":"publish","type":"post","link":"https:\/\/centralmedia.rs\/index.php\/2023\/09\/20\/vicesampionka-evrope-iz-svilajnca\/","title":{"rendered":"VICE\u0160AMPIONKA EVROPE IZ SVILAJNCA"},"content":{"rendered":"<p>SVILAJNAC-Do\u010dek Ane Prvulovi\u0107, evropske vice\u0161ampionke u stonom tenisu za osobe sa invaliditetom, odr\u017ean je u fiskulturnoj sali Srednje \u0161kole Svilajnac. Anu su do\u010dekali i pozdravili u\u010denici Srednje \u0161kole Svilajnac, predstavnici lokalne samouprave, rodbina, prijatelji i po\u0161tovaoci njenog rada.<\/p>\n<div id='gallery-1' class='gallery galleryid-36346 gallery-columns-4 gallery-size-thumbnail'><figure class='gallery-item'>\n\t\t\t<div class='gallery-icon landscape'>\n\t\t\t\t<a href='https:\/\/centralmedia.rs\/index.php\/2023\/09\/20\/vicesampionka-evrope-iz-svilajnca\/stoni-tenis1\/'><img loading=\"lazy\" decoding=\"async\" width=\"150\" height=\"150\" src=\"https:\/\/centralmedia.rs\/wp-content\/uploads\/2023\/09\/STONI-TENIS1-150x150.jpg\" class=\"attachment-thumbnail size-thumbnail\" alt=\"\" \/><\/a>\n\t\t\t<\/div><\/figure><figure class='gallery-item'>\n\t\t\t<div class='gallery-icon landscape'>\n\t\t\t\t<a href='https:\/\/centralmedia.rs\/index.php\/2023\/09\/20\/vicesampionka-evrope-iz-svilajnca\/stoni-tenis2\/'><img loading=\"lazy\" decoding=\"async\" width=\"150\" height=\"150\" src=\"https:\/\/centralmedia.rs\/wp-content\/uploads\/2023\/09\/STONI-TENIS2-150x150.jpg\" class=\"attachment-thumbnail size-thumbnail\" alt=\"\" \/><\/a>\n\t\t\t<\/div><\/figure><figure class='gallery-item'>\n\t\t\t<div class='gallery-icon landscape'>\n\t\t\t\t<a href='https:\/\/centralmedia.rs\/index.php\/2023\/09\/20\/vicesampionka-evrope-iz-svilajnca\/stoni-tenis3\/'><img loading=\"lazy\" decoding=\"async\" width=\"150\" height=\"150\" src=\"https:\/\/centralmedia.rs\/wp-content\/uploads\/2023\/09\/STONI-TENIS3-150x150.jpg\" class=\"attachment-thumbnail size-thumbnail\" alt=\"\" \/><\/a>\n\t\t\t<\/div><\/figure><figure class='gallery-item'>\n\t\t\t<div class='gallery-icon portrait'>\n\t\t\t\t<a href='https:\/\/centralmedia.rs\/index.php\/2023\/09\/20\/vicesampionka-evrope-iz-svilajnca\/stoni-tenis4\/'><img loading=\"lazy\" decoding=\"async\" width=\"150\" height=\"150\" src=\"https:\/\/centralmedia.rs\/wp-content\/uploads\/2023\/09\/STONI-TENIS4-150x150.jpg\" class=\"attachment-thumbnail size-thumbnail\" alt=\"\" \/><\/a>\n\t\t\t<\/div><\/figure>\n\t\t<\/div>\n\n<p>Ani je ovom prilikom, za postignut uspeh na velikom takmi\u010denju, uru\u010dena i nov\u010dana nagrada Op\u0161tine Svilajnac, koju joj je uru\u010dila Dragana Radevi\u0107, zamenik predsednika op\u0161tine.<\/p>\n<p>\u010clanica Stonoteniskog saveza osoba sa invaliditetom Srbije je srebrnom medaljom na Evropskom prvenstvu u Engleskoj odbranila vice\u0161ampionsku titulu koju je osvojila pre \u010detiri godine na EP u \u0160vedskoj. Na \u0161ampionatu u \u0160efildu, u kategoriji dubl mix, Ana je sa kolegom iz reprezentacije Goranom Perli\u0107em osvojila i bronzano odli\u010dje.<\/p>\n","protected":false},"excerpt":{"rendered":"<p>SVILAJNAC-Do\u010dek Ane Prvulovi\u0107, evropske vice\u0161ampionke u stonom tenisu za osobe sa invaliditetom, odr\u017ean je u fiskulturnoj sali Srednje \u0161kole Svilajnac. Anu su do\u010dekali i pozdravili &hellip; <\/p>\n","protected":false},"author":2,"featured_media":36347,"comment_status":"open","ping_status":"open","sticky":false,"template":"","format":"standard","meta":{"footnotes":""},"categories":[1524,2,887,21,12,1517,5785],"tags":[6317,38,6318],"_links":{"self":[{"href":"https:\/\/centralmedia.rs\/index.php\/wp-json\/wp\/v2\/posts\/36346"}],"collection":[{"href":"https:\/\/centralmedia.rs\/index.php\/wp-json\/wp\/v2\/posts"}],"about":[{"href":"https:\/\/centralmedia.rs\/index.php\/wp-json\/wp\/v2\/types\/post"}],"author":[{"embeddable":true,"href":"https:\/\/centralmedia.rs\/index.php\/wp-json\/wp\/v2\/users\/2"}],"replies":[{"embeddable":true,"href":"https:\/\/centralmedia.rs\/index.php\/wp-json\/wp\/v2\/comments?post=36346"}],"version-history":[{"count":1,"href":"https:\/\/centralmedia.rs\/index.php\/wp-json\/wp\/v2\/posts\/36346\/revisions"}],"predecessor-version":[{"id":36352,"href":"https:\/\/centralmedia.rs\/index.php\/wp-json\/wp\/v2\/posts\/36346\/revisions\/36352"}],"wp:featuredmedia":[{"embeddable":true,"href":"https:\/\/centralmedia.rs\/index.php\/wp-json\/wp\/v2\/media\/36347"}],"wp:attachment":[{"href":"https:\/\/centralmedia.rs\/index.php\/wp-json\/wp\/v2\/media?parent=36346"}],"wp:term":[{"taxonomy":"category","embeddable":true,"href":"https:\/\/centralmedia.rs\/index.php\/wp-json\/wp\/v2\/categories?post=36346"},{"taxonomy":"post_tag","embeddable":true,"href":"https:\/\/centralmedia.rs\/index.php\/wp-json\/wp\/v2\/tags?post=36346"}],"curies":[{"name":"wp","href":"https:\/\/api.w.org\/{rel}","templated":true}]}}