{"id":36353,"date":"2023-09-20T13:00:42","date_gmt":"2023-09-20T11:00:42","guid":{"rendered":"http:\/\/centralmedia.rs\/?p=36353"},"modified":"2023-09-25T13:21:38","modified_gmt":"2023-09-25T11:21:38","slug":"poceli-radovi-na-rekonstrukciji-ulice-radomira-bisica","status":"publish","type":"post","link":"https:\/\/centralmedia.rs\/index.php\/2023\/09\/20\/poceli-radovi-na-rekonstrukciji-ulice-radomira-bisica\/","title":{"rendered":"PO\u010cELI RADOVI NA REKONSTRUKCIJI ULICE RADOMIRA BISI\u0106A"},"content":{"rendered":"<p>SVILAJNAC-Rekonstrukcija ulice Radomira Bisi\u0107a u Svilajncu je u toku, a radove je obi\u0161ao predsednik op\u0161tine Svilajnac Predrag Milanovi\u0107:<\/p>\n<p>\u201ePo\u010deli smo sa radovima na vodovodu, gde \u0107emo zameniti azbestne cevi, nakon toga radi\u0107emo ki\u0161nu kanalizaciju, pa novi kolovoz i leve i desne trotoare. Na prvom mestu nam je bezbednost u saobra\u0107aju, pre svega dece, zatim kvalitetnija voda i uop\u0161te lak\u0161e funkcionisanje\u201c \u2013 izjavio je Milanovi\u0107 i dodao da se ulica radi u saradnji sa Ministarstvom gra\u0111evinasrtva, saobra\u0107aja i infrastrukture u okviru velike akcije rekonstrukcije ulica, kojom \u0107e se do kraja godina uraditi neke nove ulice, neke \u0107e se rekosntruisati, kako u gradu tako i u selima.<\/p>\n<div id='gallery-1' class='gallery galleryid-36353 gallery-columns-3 gallery-size-thumbnail'><figure class='gallery-item'>\n\t\t\t<div class='gallery-icon landscape'>\n\t\t\t\t<a href='https:\/\/centralmedia.rs\/index.php\/2023\/09\/20\/poceli-radovi-na-rekonstrukciji-ulice-radomira-bisica\/basaric1\/'><img loading=\"lazy\" decoding=\"async\" width=\"150\" height=\"150\" src=\"https:\/\/centralmedia.rs\/wp-content\/uploads\/2023\/09\/BASARIC1-150x150.jpg\" class=\"attachment-thumbnail size-thumbnail\" alt=\"\" \/><\/a>\n\t\t\t<\/div><\/figure><figure class='gallery-item'>\n\t\t\t<div class='gallery-icon landscape'>\n\t\t\t\t<a href='https:\/\/centralmedia.rs\/index.php\/2023\/09\/20\/poceli-radovi-na-rekonstrukciji-ulice-radomira-bisica\/basaric2jpg\/'><img loading=\"lazy\" decoding=\"async\" width=\"150\" height=\"150\" src=\"https:\/\/centralmedia.rs\/wp-content\/uploads\/2023\/09\/BASARIC2jpg-150x150.jpg\" class=\"attachment-thumbnail size-thumbnail\" alt=\"\" \/><\/a>\n\t\t\t<\/div><\/figure><figure class='gallery-item'>\n\t\t\t<div class='gallery-icon landscape'>\n\t\t\t\t<a href='https:\/\/centralmedia.rs\/index.php\/2023\/09\/20\/poceli-radovi-na-rekonstrukciji-ulice-radomira-bisica\/basaric3\/'><img loading=\"lazy\" decoding=\"async\" width=\"150\" height=\"150\" src=\"https:\/\/centralmedia.rs\/wp-content\/uploads\/2023\/09\/BASARIC3-150x150.jpg\" class=\"attachment-thumbnail size-thumbnail\" alt=\"\" \/><\/a>\n\t\t\t<\/div><\/figure>\n\t\t<\/div>\n\n<p>Du\u017eina Bisi\u0107eve ulice je oko 600 metara i ova ulica spaja centar grada sa regionalnim putem.<\/p>\n","protected":false},"excerpt":{"rendered":"<p>SVILAJNAC-Rekonstrukcija ulice Radomira Bisi\u0107a u Svilajncu je u toku, a radove je obi\u0161ao predsednik op\u0161tine Svilajnac Predrag Milanovi\u0107: \u201ePo\u010deli smo sa radovima na vodovodu, gde &hellip; <\/p>\n","protected":false},"author":2,"featured_media":36354,"comment_status":"open","ping_status":"open","sticky":false,"template":"","format":"standard","meta":{"footnotes":""},"categories":[1524,2,887,16,12,5785,1517],"tags":[3295,38],"_links":{"self":[{"href":"https:\/\/centralmedia.rs\/index.php\/wp-json\/wp\/v2\/posts\/36353"}],"collection":[{"href":"https:\/\/centralmedia.rs\/index.php\/wp-json\/wp\/v2\/posts"}],"about":[{"href":"https:\/\/centralmedia.rs\/index.php\/wp-json\/wp\/v2\/types\/post"}],"author":[{"embeddable":true,"href":"https:\/\/centralmedia.rs\/index.php\/wp-json\/wp\/v2\/users\/2"}],"replies":[{"embeddable":true,"href":"https:\/\/centralmedia.rs\/index.php\/wp-json\/wp\/v2\/comments?post=36353"}],"version-history":[{"count":1,"href":"https:\/\/centralmedia.rs\/index.php\/wp-json\/wp\/v2\/posts\/36353\/revisions"}],"predecessor-version":[{"id":36358,"href":"https:\/\/centralmedia.rs\/index.php\/wp-json\/wp\/v2\/posts\/36353\/revisions\/36358"}],"wp:featuredmedia":[{"embeddable":true,"href":"https:\/\/centralmedia.rs\/index.php\/wp-json\/wp\/v2\/media\/36354"}],"wp:attachment":[{"href":"https:\/\/centralmedia.rs\/index.php\/wp-json\/wp\/v2\/media?parent=36353"}],"wp:term":[{"taxonomy":"category","embeddable":true,"href":"https:\/\/centralmedia.rs\/index.php\/wp-json\/wp\/v2\/categories?post=36353"},{"taxonomy":"post_tag","embeddable":true,"href":"https:\/\/centralmedia.rs\/index.php\/wp-json\/wp\/v2\/tags?post=36353"}],"curies":[{"name":"wp","href":"https:\/\/api.w.org\/{rel}","templated":true}]}}