{"id":36383,"date":"2023-09-26T20:36:42","date_gmt":"2023-09-26T18:36:42","guid":{"rendered":"http:\/\/centralmedia.rs\/?p=36383"},"modified":"2023-09-29T20:24:47","modified_gmt":"2023-09-29T18:24:47","slug":"u-srbiji-u-sredu-dan-zalosti-u-srpskim-sredinama-na-kim-trodnevna-zalost","status":"publish","type":"post","link":"https:\/\/centralmedia.rs\/index.php\/2023\/09\/26\/u-srbiji-u-sredu-dan-zalosti-u-srpskim-sredinama-na-kim-trodnevna-zalost\/","title":{"rendered":"U Srbiji u sredu Dan \u017ealosti, u srpskim sredinama na KIM trodnevna \u017ealost"},"content":{"rendered":"<p>Vlada Republike Srbije proglasila je, na dana\u0161njoj vanrednoj sednici, 27. septembar 2023. godine za Dan \u017ealosti povodom tragi\u010dnih doga\u0111aja na Kosovu.<\/p>\n<p><img loading=\"lazy\" decoding=\"async\" class=\"alignnone wp-image-36385 size-full\" src=\"http:\/\/centralmedia.rs\/wp-content\/uploads\/2023\/09\/dani_zalosti1.jpg\" alt=\"\" width=\"526\" height=\"526\" srcset=\"https:\/\/centralmedia.rs\/wp-content\/uploads\/2023\/09\/dani_zalosti1.jpg 526w, https:\/\/centralmedia.rs\/wp-content\/uploads\/2023\/09\/dani_zalosti1-150x150.jpg 150w, https:\/\/centralmedia.rs\/wp-content\/uploads\/2023\/09\/dani_zalosti1-300x300.jpg 300w, https:\/\/centralmedia.rs\/wp-content\/uploads\/2023\/09\/dani_zalosti1-420x420.jpg 420w\" sizes=\"(max-width: 526px) 100vw, 526px\" \/><\/p>\n<p>&#8220;Vlada Srbije moli sve medije i organizatore javnih manifestacija da u sredu, 27. septembra, prilagode svoj program Danu \u017ealosti i na taj na\u010din odaju po\u0161tu nastradalima na Kosovu i Metohiji&#8221;, navedeno je u saop\u0161tenju Vlade Srbije.<\/p>\n<p>Srpska lista je ranije danas saop\u0161tila da se u srpskim sredinama na Kosovu 26, 27. i 28. septembar progla\u0161avaju danima \u017ealosti povodom pogibije na\u0161ih sugra\u0111ana u tragi\u010dnom doga\u0111aju u Banjskoj, u op\u0161tini Zve\u010dan.<\/p>\n<p>U srpskim sredinama na KIM 26, 27. i 28. septembar progla\u0161avaju se danima \u017ealosti povodom pogibije na\u0161ih sugra\u0111ana u tragi\u010dnom doga\u0111aju u Banjskoj, u op\u0161tini Zve\u010dan, saop\u0161tila je danas Srpska lista.<\/p>\n<p>U saop\u0161tenju se navodi da \u0107e u srpskim sredinama na teritoriji na KIM biti\u00a0otkazani svi doga\u0111aji zabavnog karaktera u organizaciji organa lokalnih samouprava i institucija.<\/p>\n<p>Tako\u0111e, kako se dodaje u saop\u0161tenju, zastave Republike Srbije na svim institucijama bi\u0107e spu\u0161tene na pola koplja.<\/p>\n<p>&#8220;U ime Srpske liste i srpskog naroda sa Kosova i Metohije izra\u017eavamo najdublje sau\u010de\u0161\u0107e porodicama stradalih, a povre\u0111enima \u017eelimo brz oporavak&#8221;, navodi se u saop\u0161tenju.<\/p>\n<p><img loading=\"lazy\" decoding=\"async\" class=\"alignnone wp-image-36386 size-full\" src=\"http:\/\/centralmedia.rs\/wp-content\/uploads\/2023\/09\/ubijeni1.jpg\" alt=\"\" width=\"1141\" height=\"607\" srcset=\"https:\/\/centralmedia.rs\/wp-content\/uploads\/2023\/09\/ubijeni1.jpg 1141w, https:\/\/centralmedia.rs\/wp-content\/uploads\/2023\/09\/ubijeni1-300x160.jpg 300w, https:\/\/centralmedia.rs\/wp-content\/uploads\/2023\/09\/ubijeni1-768x409.jpg 768w, https:\/\/centralmedia.rs\/wp-content\/uploads\/2023\/09\/ubijeni1-1024x545.jpg 1024w, https:\/\/centralmedia.rs\/wp-content\/uploads\/2023\/09\/ubijeni1-789x420.jpg 789w, https:\/\/centralmedia.rs\/wp-content\/uploads\/2023\/09\/ubijeni1-640x340.jpg 640w, https:\/\/centralmedia.rs\/wp-content\/uploads\/2023\/09\/ubijeni1-681x362.jpg 681w\" sizes=\"(max-width: 1141px) 100vw, 1141px\" \/><\/p>\n<p>U Severnoj Mitrovici, Zve\u010danu i Leposavi\u0107u ve\u010deras je odata po\u0161ta \u00a0ubijenim kod manastira Banjska\u00a0 Stefanu Nedeljkovi\u0107u, Bojanu Mijailovi\u0107u i Igoru Milenkovi\u0107u, na trgovima je veliki broj gra\u0111ana palio sve\u0107e.<\/p>\n","protected":false},"excerpt":{"rendered":"<p>Vlada Republike Srbije proglasila je, na dana\u0161njoj vanrednoj sednici, 27. septembar 2023. godine za Dan \u017ealosti povodom tragi\u010dnih doga\u0111aja na Kosovu. &#8220;Vlada Srbije moli sve &hellip; <\/p>\n","protected":false},"author":2,"featured_media":36384,"comment_status":"open","ping_status":"open","sticky":false,"template":"","format":"standard","meta":{"footnotes":""},"categories":[20,2,12],"tags":[143,6321,6320],"_links":{"self":[{"href":"https:\/\/centralmedia.rs\/index.php\/wp-json\/wp\/v2\/posts\/36383"}],"collection":[{"href":"https:\/\/centralmedia.rs\/index.php\/wp-json\/wp\/v2\/posts"}],"about":[{"href":"https:\/\/centralmedia.rs\/index.php\/wp-json\/wp\/v2\/types\/post"}],"author":[{"embeddable":true,"href":"https:\/\/centralmedia.rs\/index.php\/wp-json\/wp\/v2\/users\/2"}],"replies":[{"embeddable":true,"href":"https:\/\/centralmedia.rs\/index.php\/wp-json\/wp\/v2\/comments?post=36383"}],"version-history":[{"count":1,"href":"https:\/\/centralmedia.rs\/index.php\/wp-json\/wp\/v2\/posts\/36383\/revisions"}],"predecessor-version":[{"id":36387,"href":"https:\/\/centralmedia.rs\/index.php\/wp-json\/wp\/v2\/posts\/36383\/revisions\/36387"}],"wp:featuredmedia":[{"embeddable":true,"href":"https:\/\/centralmedia.rs\/index.php\/wp-json\/wp\/v2\/media\/36384"}],"wp:attachment":[{"href":"https:\/\/centralmedia.rs\/index.php\/wp-json\/wp\/v2\/media?parent=36383"}],"wp:term":[{"taxonomy":"category","embeddable":true,"href":"https:\/\/centralmedia.rs\/index.php\/wp-json\/wp\/v2\/categories?post=36383"},{"taxonomy":"post_tag","embeddable":true,"href":"https:\/\/centralmedia.rs\/index.php\/wp-json\/wp\/v2\/tags?post=36383"}],"curies":[{"name":"wp","href":"https:\/\/api.w.org\/{rel}","templated":true}]}}