{"id":36432,"date":"2023-09-29T20:21:45","date_gmt":"2023-09-29T18:21:45","guid":{"rendered":"http:\/\/centralmedia.rs\/?p=36432"},"modified":"2023-09-29T20:21:45","modified_gmt":"2023-09-29T18:21:45","slug":"resavska-carolija","status":"publish","type":"post","link":"https:\/\/centralmedia.rs\/index.php\/2023\/09\/29\/resavska-carolija\/","title":{"rendered":"RESAVSKA \u010cAROLIJA"},"content":{"rendered":"<p>DESPOTOVAC- 2. Festival de\u010dijih pozori\u0161ta &#8220;Resavska \u010darolija&#8221;, koji \u00a0Centar za kulturu organizuje u saradnji sa lokalnom samoupravom Despotovac i Ministarstvom kulture, odr\u017eava se \u00a02. do 6. oktobra.<\/p>\n<div id='gallery-1' class='gallery galleryid-36432 gallery-columns-5 gallery-size-thumbnail'><figure class='gallery-item'>\n\t\t\t<div class='gallery-icon portrait'>\n\t\t\t\t<a href='https:\/\/centralmedia.rs\/index.php\/2023\/09\/29\/resavska-carolija\/carolija-4\/'><img loading=\"lazy\" decoding=\"async\" width=\"150\" height=\"150\" src=\"https:\/\/centralmedia.rs\/wp-content\/uploads\/2023\/09\/carolija-1-150x150.jpg\" class=\"attachment-thumbnail size-thumbnail\" alt=\"\" \/><\/a>\n\t\t\t<\/div><\/figure><figure class='gallery-item'>\n\t\t\t<div class='gallery-icon landscape'>\n\t\t\t\t<a href='https:\/\/centralmedia.rs\/index.php\/2023\/09\/29\/resavska-carolija\/4-22\/'><img loading=\"lazy\" decoding=\"async\" width=\"150\" height=\"150\" src=\"https:\/\/centralmedia.rs\/wp-content\/uploads\/2023\/09\/4-150x150.jpg\" class=\"attachment-thumbnail size-thumbnail\" alt=\"\" \/><\/a>\n\t\t\t<\/div><\/figure><figure class='gallery-item'>\n\t\t\t<div class='gallery-icon portrait'>\n\t\t\t\t<a href='https:\/\/centralmedia.rs\/index.php\/2023\/09\/29\/resavska-carolija\/3-29\/'><img loading=\"lazy\" decoding=\"async\" width=\"150\" height=\"150\" src=\"https:\/\/centralmedia.rs\/wp-content\/uploads\/2023\/09\/3-150x150.jpg\" class=\"attachment-thumbnail size-thumbnail\" alt=\"\" \/><\/a>\n\t\t\t<\/div><\/figure><figure class='gallery-item'>\n\t\t\t<div class='gallery-icon portrait'>\n\t\t\t\t<a href='https:\/\/centralmedia.rs\/index.php\/2023\/09\/29\/resavska-carolija\/2-33\/'><img loading=\"lazy\" decoding=\"async\" width=\"150\" height=\"150\" src=\"https:\/\/centralmedia.rs\/wp-content\/uploads\/2023\/09\/2-150x150.jpg\" class=\"attachment-thumbnail size-thumbnail\" alt=\"\" \/><\/a>\n\t\t\t<\/div><\/figure><figure class='gallery-item'>\n\t\t\t<div class='gallery-icon portrait'>\n\t\t\t\t<a href='https:\/\/centralmedia.rs\/index.php\/2023\/09\/29\/resavska-carolija\/1-38\/'><img loading=\"lazy\" decoding=\"async\" width=\"150\" height=\"150\" src=\"https:\/\/centralmedia.rs\/wp-content\/uploads\/2023\/09\/1-150x150.jpg\" class=\"attachment-thumbnail size-thumbnail\" alt=\"\" \/><\/a>\n\t\t\t<\/div><\/figure>\n\t\t<\/div>\n\n<p>Selektovane predstave dolaze iz Smedereva, Petrovca na Mlavi, Jagodine i Smederevske Palanke,\u00a0 a zavr\u0161ne ve\u010deri \u0107e u \u010dast nagra\u0111enih nastupiti pozori\u0161te KUD &#8220;Obili\u0107&#8221; iz Krnjeva.<\/p>\n<p>Festival se odr\u017eava u sklopu De\u010dije nedelje.<\/p>\n<p>Prve ve\u010deri predstava &#8221;Lov na \u010dudovi\u0161ta&#8221;, koja prati grupu hrabre i ne tako hrabre dece u potrazi za \u010dudovi\u0161tima koja \u017eive u svetu ispod kreveta. Pustolovine iz ove predstave \u0107e deci pru\u017eiti izuzetno iskustvo koje \u0107e ih podsta\u0107i da se uklju\u010de u nove dogodov\u0161tine i prevazi\u0111u svoje strahove na zabavan na\u010din. Ponedeljak, 2. oktobar, 19 \u010dasova<\/p>\n<p>Drugi dan festivala donosi predstavu po kultnoj bajci \u201ePepeljuga\u201c. Dobro poznata pri\u010da o nesre\u0107noj sudbini jedne \u010destite i vredne devojke koja pada u nemilost svoje ma\u0107ehe i njenih zlih \u0107erki, strpljivo podnose\u0107i sve nepravde ona ne prestaje da veruje u ono pelemenito i dobro, te od slu\u0161kinje u sopstvenoj ku\u0107i, na kraju postaje princeza celog kraljevstva.Utorak, 3. Oktobar, 19 \u010dasova<\/p>\n<p>U sredu, 4. oktobra od 19 \u010dasova, nastupi\u0107e Gradsko pozori\u0161te Jagodina, sa predstavom &#8220;\u010cizma ma\u010dku \u010duva&#8221;, po tekstu Pe\u0111e Trajkovi\u0107a i u re\u017eiji Petra Miti\u0107a.<\/p>\n<p>\u010cetvrtog dana je \u00a0predstava &#8220;Drama o drami&#8221;, koja na vrlo duhovit na\u010din prikazuje sukob dve porodice, iz poznatog dela \u201eRomeo i Julija\u201c, preneseno na duhovit na\u010din sa brojnim likovima, autenti\u010danim kostimima i neo\u010dekivanim obrtima. \u010cetvrtak, 5. oktobar, 19 \u010dasova.<\/p>\n","protected":false},"excerpt":{"rendered":"<p>DESPOTOVAC- 2. Festival de\u010dijih pozori\u0161ta &#8220;Resavska \u010darolija&#8221;, koji \u00a0Centar za kulturu organizuje u saradnji sa lokalnom samoupravom Despotovac i Ministarstvom kulture, odr\u017eava se \u00a02. do &hellip; <\/p>\n","protected":false},"author":2,"featured_media":36433,"comment_status":"open","ping_status":"open","sticky":false,"template":"","format":"standard","meta":{"footnotes":""},"categories":[5786,1524,2,15,887,12,1517],"tags":[51,5982],"_links":{"self":[{"href":"https:\/\/centralmedia.rs\/index.php\/wp-json\/wp\/v2\/posts\/36432"}],"collection":[{"href":"https:\/\/centralmedia.rs\/index.php\/wp-json\/wp\/v2\/posts"}],"about":[{"href":"https:\/\/centralmedia.rs\/index.php\/wp-json\/wp\/v2\/types\/post"}],"author":[{"embeddable":true,"href":"https:\/\/centralmedia.rs\/index.php\/wp-json\/wp\/v2\/users\/2"}],"replies":[{"embeddable":true,"href":"https:\/\/centralmedia.rs\/index.php\/wp-json\/wp\/v2\/comments?post=36432"}],"version-history":[{"count":1,"href":"https:\/\/centralmedia.rs\/index.php\/wp-json\/wp\/v2\/posts\/36432\/revisions"}],"predecessor-version":[{"id":36439,"href":"https:\/\/centralmedia.rs\/index.php\/wp-json\/wp\/v2\/posts\/36432\/revisions\/36439"}],"wp:featuredmedia":[{"embeddable":true,"href":"https:\/\/centralmedia.rs\/index.php\/wp-json\/wp\/v2\/media\/36433"}],"wp:attachment":[{"href":"https:\/\/centralmedia.rs\/index.php\/wp-json\/wp\/v2\/media?parent=36432"}],"wp:term":[{"taxonomy":"category","embeddable":true,"href":"https:\/\/centralmedia.rs\/index.php\/wp-json\/wp\/v2\/categories?post=36432"},{"taxonomy":"post_tag","embeddable":true,"href":"https:\/\/centralmedia.rs\/index.php\/wp-json\/wp\/v2\/tags?post=36432"}],"curies":[{"name":"wp","href":"https:\/\/api.w.org\/{rel}","templated":true}]}}