{"id":36462,"date":"2023-10-05T15:32:57","date_gmt":"2023-10-05T13:32:57","guid":{"rendered":"http:\/\/centralmedia.rs\/?p=36462"},"modified":"2023-10-08T16:27:49","modified_gmt":"2023-10-08T14:27:49","slug":"ucenici-dackih-parlamenata-u-poseti-opstini-cajetina","status":"publish","type":"post","link":"https:\/\/centralmedia.rs\/index.php\/2023\/10\/05\/ucenici-dackih-parlamenata-u-poseti-opstini-cajetina\/","title":{"rendered":"U\u010denici \u0111a\u010dkih parlamenata u poseti Op\u0161tini \u010cajetina"},"content":{"rendered":"<p>Predstavnici \u0111a\u010dkih parlamenata osnovnih \u0161kola sa teritorije op\u0161tine \u010cajetina posetili su zgradu Op\u0161tine gde ih je predsednik Skup\u0161tine op\u0161tine Arsen \u0110uri\u0107 upoznao sa radom i funkcionisanjem Op\u0161tinske uprave, Skup\u0161tine op\u0161tine i op\u0161tinskih javnih preduze\u0107a. Tom prilikom im je predstavio na\u010dine na koje op\u0161tina poma\u017ee rad \u0161kola sa svoje teritorije.<\/p>\n<p>\u201eIako \u0161kole nisu u direktnoj nadle\u017enosti Op\u0161tine \u010cajetina ve\u0107 su pod nadle\u017eno\u0161\u0107u Ministarstva prosvete, na\u0161a op\u0161tina se trudi da pomogne njihov rad tako \u0161to svake godine opredeljujemo sredstva za razli\u010dite \u0161kolske aktivnosti, u koje spadaju ure\u0111enje i adaptacije \u0161kola, pro\u0161irenje njihovih kapaciteta, a negde su ura\u0111ene i \u0161kolske sportske sale. O\u010dekujem da \u0107e naredne godine po\u010deti izgradnja fiskulturne sale u Sirogojnu, a uskoro \u0107emo konkurisati za sufinansiraju\u0107a sredstva za izgradnju fiskulturne sale u Ma\u010dkatu, s obzirom da u toj sredini iz godine u godinu raste broj \u0111aka\u201c rekao je \u0110uri\u0107.<\/p>\n<p>\u010cajetinski u\u010denici, \u010dlanovi \u0161kolskih \u0110a\u010dkih parlamenata, su se prvenstveno interesovali kako Op\u0161tina mo\u017ee da im pomogne da imaju ve\u0107i broj sportskih terena i opreme za bavljenje sportom, a, kako su rekli, teku\u0107e \u0161kolske probleme re\u0161avaju sa direktorima i zaposlenima u \u0161kolama. Psiholog u Osnovnoj \u0161koli \u201eDimitrije Tucovi\u0107\u201c u \u010cajetini Marija Novakovi\u0107 je iznela predlog da bi bilo korisno da se obnovi u\u010deni\u010dka razmena sa \u0161kolama iz bratskih op\u0161tina, kao \u0161to je postojala saradnja sa \u0161kolama u Sloveniji.<\/p>\n<p>&nbsp;<\/p>\n","protected":false},"excerpt":{"rendered":"<p>Predstavnici \u0111a\u010dkih parlamenata osnovnih \u0161kola sa teritorije op\u0161tine \u010cajetina posetili su zgradu Op\u0161tine gde ih je predsednik Skup\u0161tine op\u0161tine Arsen \u0110uri\u0107 upoznao sa radom i &hellip; <\/p>\n","protected":false},"author":2,"featured_media":36463,"comment_status":"open","ping_status":"open","sticky":false,"template":"","format":"standard","meta":{"footnotes":""},"categories":[2875,5787,14,1524,2,887,12],"tags":[6248,5323],"_links":{"self":[{"href":"https:\/\/centralmedia.rs\/index.php\/wp-json\/wp\/v2\/posts\/36462"}],"collection":[{"href":"https:\/\/centralmedia.rs\/index.php\/wp-json\/wp\/v2\/posts"}],"about":[{"href":"https:\/\/centralmedia.rs\/index.php\/wp-json\/wp\/v2\/types\/post"}],"author":[{"embeddable":true,"href":"https:\/\/centralmedia.rs\/index.php\/wp-json\/wp\/v2\/users\/2"}],"replies":[{"embeddable":true,"href":"https:\/\/centralmedia.rs\/index.php\/wp-json\/wp\/v2\/comments?post=36462"}],"version-history":[{"count":1,"href":"https:\/\/centralmedia.rs\/index.php\/wp-json\/wp\/v2\/posts\/36462\/revisions"}],"predecessor-version":[{"id":36464,"href":"https:\/\/centralmedia.rs\/index.php\/wp-json\/wp\/v2\/posts\/36462\/revisions\/36464"}],"wp:featuredmedia":[{"embeddable":true,"href":"https:\/\/centralmedia.rs\/index.php\/wp-json\/wp\/v2\/media\/36463"}],"wp:attachment":[{"href":"https:\/\/centralmedia.rs\/index.php\/wp-json\/wp\/v2\/media?parent=36462"}],"wp:term":[{"taxonomy":"category","embeddable":true,"href":"https:\/\/centralmedia.rs\/index.php\/wp-json\/wp\/v2\/categories?post=36462"},{"taxonomy":"post_tag","embeddable":true,"href":"https:\/\/centralmedia.rs\/index.php\/wp-json\/wp\/v2\/tags?post=36462"}],"curies":[{"name":"wp","href":"https:\/\/api.w.org\/{rel}","templated":true}]}}