{"id":36478,"date":"2023-10-05T15:45:24","date_gmt":"2023-10-05T13:45:24","guid":{"rendered":"http:\/\/centralmedia.rs\/?p=36478"},"modified":"2023-10-08T16:28:13","modified_gmt":"2023-10-08T14:28:13","slug":"odobrena-sredstva-za-unapredenje-energetske-efikasnosti-os-despot-stefan-visoki-u-despotovcu","status":"publish","type":"post","link":"https:\/\/centralmedia.rs\/index.php\/2023\/10\/05\/odobrena-sredstva-za-unapredenje-energetske-efikasnosti-os-despot-stefan-visoki-u-despotovcu\/","title":{"rendered":"ODOBRENA SREDSTVA ZA UNAPRE\u0110ENjE ENERGETSKE EFIKASNOSTI O\u0160 DESPOT STEFAN VISOKI U DESPOTOVCU"},"content":{"rendered":"<p>Predsednik op\u0161tine Despotovac, dr Zlatko Marjanovi\u0107 je na prijemu u Vrnja\u010dkoj Banji potpisao Ugovor o finansiranju projekata unapre\u0111enja energetske efikasnosti u objektima od javnog zna\u010daja.<\/p>\n<p>Ugovor je potpisan na osnovu podnetog projekta na\u0161e op\u0161tine po Javnom pozivu Ministarstva rudarstva i energetike, i obuhvata odobrenje sredstava za sufinansiranje projekta unapre\u0111enja energetske efikasnosti Osnovne \u0161kole \u201eDespot Stefan Visoki\u201c u Despotovcu, u iznosu od 19.000.000,00 rsd.<\/p>\n<p>\u201cOvim projektom koji \u0107emo da sprovedemo u narednom periodu \u0107emo znatno pove\u0107ati energetsku efkasnost Osnovne \u0161kole \u201eDespot Stefan Visoki\u201c, i samim tim \u0107emo smanjiti i potro\u0161nju elekti\u010dne energije za gotovo pedeset posto, uz to \u0107e i emisija \u0161tetnih gasova biti znatno smanjena, projekat tako\u0111e obuhvata ure\u0111enje fasade i adaptaciju krova na Hali sportova u Despotovcu. Ovo je beoma bitna stvar za na\u0161u op\u0161tinu, naglasio bih da smo mi jedna od samo dvadeset jedne op\u0161tine u Srbiji kojoj je odobren projekat. Ministarstvo rudarstva i energetike je prepoznalo na\u0161 trud i ozbiljan rad Lokalne samouprave, pa je u skladu sa tim ovo drugi ugovor u poslednja dva meseca koji potpisujemo. Prvi je bio za pove\u0107anje energetske efikasnosti u porodi\u010dnim ku\u0107ama i stanovima, koji je nai\u0161ao na veliki odziv na\u0161ih sugra\u0111ana i koji je u toku, a sada imamo i ovaj. Ovde se ne\u0107emo zaustaviti, ve\u0107 u narednom periodu je u planu nova saradnja sa ovim ministarstvom i nastavak sanacije javnih objekata u na\u0161oj op\u0161tini\u201c, rekao je nakon potpisivanja ugovora, predsednik op\u0161tine Despotovac, dr Zlatko Marjanovi\u0107.<\/p>\n","protected":false},"excerpt":{"rendered":"<p>Predsednik op\u0161tine Despotovac, dr Zlatko Marjanovi\u0107 je na prijemu u Vrnja\u010dkoj Banji potpisao Ugovor o finansiranju projekata unapre\u0111enja energetske efikasnosti u objektima od javnog zna\u010daja. &hellip; <\/p>\n","protected":false},"author":2,"featured_media":36479,"comment_status":"open","ping_status":"open","sticky":false,"template":"","format":"standard","meta":{"footnotes":""},"categories":[5786,1518,1524,2,13,887,12],"tags":[51,497],"_links":{"self":[{"href":"https:\/\/centralmedia.rs\/index.php\/wp-json\/wp\/v2\/posts\/36478"}],"collection":[{"href":"https:\/\/centralmedia.rs\/index.php\/wp-json\/wp\/v2\/posts"}],"about":[{"href":"https:\/\/centralmedia.rs\/index.php\/wp-json\/wp\/v2\/types\/post"}],"author":[{"embeddable":true,"href":"https:\/\/centralmedia.rs\/index.php\/wp-json\/wp\/v2\/users\/2"}],"replies":[{"embeddable":true,"href":"https:\/\/centralmedia.rs\/index.php\/wp-json\/wp\/v2\/comments?post=36478"}],"version-history":[{"count":1,"href":"https:\/\/centralmedia.rs\/index.php\/wp-json\/wp\/v2\/posts\/36478\/revisions"}],"predecessor-version":[{"id":36480,"href":"https:\/\/centralmedia.rs\/index.php\/wp-json\/wp\/v2\/posts\/36478\/revisions\/36480"}],"wp:featuredmedia":[{"embeddable":true,"href":"https:\/\/centralmedia.rs\/index.php\/wp-json\/wp\/v2\/media\/36479"}],"wp:attachment":[{"href":"https:\/\/centralmedia.rs\/index.php\/wp-json\/wp\/v2\/media?parent=36478"}],"wp:term":[{"taxonomy":"category","embeddable":true,"href":"https:\/\/centralmedia.rs\/index.php\/wp-json\/wp\/v2\/categories?post=36478"},{"taxonomy":"post_tag","embeddable":true,"href":"https:\/\/centralmedia.rs\/index.php\/wp-json\/wp\/v2\/tags?post=36478"}],"curies":[{"name":"wp","href":"https:\/\/api.w.org\/{rel}","templated":true}]}}