{"id":36505,"date":"2023-10-07T14:36:25","date_gmt":"2023-10-07T12:36:25","guid":{"rendered":"http:\/\/centralmedia.rs\/?p=36505"},"modified":"2023-10-12T13:24:53","modified_gmt":"2023-10-12T11:24:53","slug":"promocija-monografije-zasticeno-geonaslede-srbije","status":"publish","type":"post","link":"https:\/\/centralmedia.rs\/index.php\/2023\/10\/07\/promocija-monografije-zasticeno-geonaslede-srbije\/","title":{"rendered":"PROMOCIJA MONOGRAFIJE &#8211; \u201eZa\u0161ti\u0107eno geonasle\u0111e Srbije\u201c"},"content":{"rendered":"<p>SVILAJNAC-U Prirodnja\u010dkom centru u Svilajncu, danas je predstavljena Monografija \u201eZa\u0161ti\u0107eno geonasle\u0111e Srbije\u201c, povodom obele\u017eavanja 75 godina od osnivanja i rada Zavoda za za\u0161titu prirode Srbije.<\/p>\n<p><img loading=\"lazy\" decoding=\"async\" class=\"alignnone wp-image-36507 size-large\" src=\"http:\/\/centralmedia.rs\/wp-content\/uploads\/2023\/10\/MIT_5671-1024x681.jpg\" alt=\"\" width=\"640\" height=\"426\" srcset=\"https:\/\/centralmedia.rs\/wp-content\/uploads\/2023\/10\/MIT_5671-1024x681.jpg 1024w, https:\/\/centralmedia.rs\/wp-content\/uploads\/2023\/10\/MIT_5671-300x200.jpg 300w, https:\/\/centralmedia.rs\/wp-content\/uploads\/2023\/10\/MIT_5671-768x511.jpg 768w, https:\/\/centralmedia.rs\/wp-content\/uploads\/2023\/10\/MIT_5671-631x420.jpg 631w, https:\/\/centralmedia.rs\/wp-content\/uploads\/2023\/10\/MIT_5671-640x426.jpg 640w, https:\/\/centralmedia.rs\/wp-content\/uploads\/2023\/10\/MIT_5671-681x453.jpg 681w\" sizes=\"(max-width: 640px) 100vw, 640px\" \/><\/p>\n<p>U organizaciji Zavoda za za\u0161titu prirode Srbije, Prirodnja\u010dkog centra Svilajnac i JP \u201eResavska pe\u0107ina\u201c, predstavljanje monografije uprili\u010deno je na me\u0111unarodni dan geodiverziteta, 6. oktobra.<\/p>\n<p>Srbija ima izuzetno geonasle\u0111e, koje je delom stavljeno pod za\u0161titu kao pojedina\u010dni objekti ili je za\u0161ti\u0107eno u okviru ve\u0107ih za\u0161ti\u0107enih podru\u010dja, kao \u0161to su Nacionalni parkovi ili Parkovi prirode. Monografija izdvaja 75 objekata geonasle\u0111a od nacionalnog i me\u0111unarodnog zna\u010daja, koji su neponovljivi i neobnovljivi, nastali slo\u017eenim procesima na povr\u0161ini i unutar zemlje.<\/p>\n<p>Na ovaj dan, svake godine, okupljaju se ljudi \u0161irom sveta kako bi se promovisali mnogobrojni aspekti geodiverziteta. Me\u0111unarodni dan geodiverziteta proglasio je UNESCO na 41. Generalnoj skup\u0161tini 2021. godine, nakon masovne kampanje nau\u010dnih organizacija \u0161irom sveta.<\/p>\n<p>Ove godine, ovaj dan obele\u017een je pod sloganom\u201eGeodiverzitet za sve\u201c. Ovim sloganom \u017eeli se ukazati da je geodiverzitet svuda oko nas i da uti\u010de na \u017eivote svih ljudi gde god da se nalaze u svetu. Tako\u0111e, ovo je prilika da se promovi\u0161e obrazovanje i razvoj karijera u oblasti geonauka.<\/p>\n<p>&nbsp;<\/p>\n<p>&nbsp;<\/p>\n","protected":false},"excerpt":{"rendered":"<p>SVILAJNAC-U Prirodnja\u010dkom centru u Svilajncu, danas je predstavljena Monografija \u201eZa\u0161ti\u0107eno geonasle\u0111e Srbije\u201c, povodom obele\u017eavanja 75 godina od osnivanja i rada Zavoda za za\u0161titu prirode Srbije. &hellip; <\/p>\n","protected":false},"author":2,"featured_media":36506,"comment_status":"open","ping_status":"open","sticky":false,"template":"","format":"standard","meta":{"footnotes":""},"categories":[14,1524,2,887,12,5785,1517],"tags":[288,38],"_links":{"self":[{"href":"https:\/\/centralmedia.rs\/index.php\/wp-json\/wp\/v2\/posts\/36505"}],"collection":[{"href":"https:\/\/centralmedia.rs\/index.php\/wp-json\/wp\/v2\/posts"}],"about":[{"href":"https:\/\/centralmedia.rs\/index.php\/wp-json\/wp\/v2\/types\/post"}],"author":[{"embeddable":true,"href":"https:\/\/centralmedia.rs\/index.php\/wp-json\/wp\/v2\/users\/2"}],"replies":[{"embeddable":true,"href":"https:\/\/centralmedia.rs\/index.php\/wp-json\/wp\/v2\/comments?post=36505"}],"version-history":[{"count":2,"href":"https:\/\/centralmedia.rs\/index.php\/wp-json\/wp\/v2\/posts\/36505\/revisions"}],"predecessor-version":[{"id":36509,"href":"https:\/\/centralmedia.rs\/index.php\/wp-json\/wp\/v2\/posts\/36505\/revisions\/36509"}],"wp:featuredmedia":[{"embeddable":true,"href":"https:\/\/centralmedia.rs\/index.php\/wp-json\/wp\/v2\/media\/36506"}],"wp:attachment":[{"href":"https:\/\/centralmedia.rs\/index.php\/wp-json\/wp\/v2\/media?parent=36505"}],"wp:term":[{"taxonomy":"category","embeddable":true,"href":"https:\/\/centralmedia.rs\/index.php\/wp-json\/wp\/v2\/categories?post=36505"},{"taxonomy":"post_tag","embeddable":true,"href":"https:\/\/centralmedia.rs\/index.php\/wp-json\/wp\/v2\/tags?post=36505"}],"curies":[{"name":"wp","href":"https:\/\/api.w.org\/{rel}","templated":true}]}}