{"id":36585,"date":"2023-10-13T12:53:10","date_gmt":"2023-10-13T10:53:10","guid":{"rendered":"http:\/\/centralmedia.rs\/?p=36585"},"modified":"2023-10-16T13:23:29","modified_gmt":"2023-10-16T11:23:29","slug":"kugler-bez-srbije-evropska-unija-nije-potpuna","status":"publish","type":"post","link":"https:\/\/centralmedia.rs\/index.php\/2023\/10\/13\/kugler-bez-srbije-evropska-unija-nije-potpuna\/","title":{"rendered":"KUGLER: BEZ SRBIJE EVROPSKA UNIJA NIJE POTPUNA"},"content":{"rendered":"<p>U Be\u010du je prire\u0111ena sve\u010dana ve\u010dera za delegaciju iz Srbije od 300 \u010dlanova, predvo\u0111enu predsednikom Jedinstvene Srbije i Skup\u0161tine grada Jagodine Draganom Markovi\u0107em Palmom, koji je i predsednik Parlamenarne grupe srpsko \u2013 austrijskog prijateljstva u Skup\u0161tini Srbije.<\/p>\n<div id='gallery-1' class='gallery galleryid-36585 gallery-columns-3 gallery-size-thumbnail'><figure class='gallery-item'>\n\t\t\t<div class='gallery-icon landscape'>\n\t\t\t\t<a href='https:\/\/centralmedia.rs\/index.php\/2023\/10\/13\/kugler-bez-srbije-evropska-unija-nije-potpuna\/koliba\/'><img loading=\"lazy\" decoding=\"async\" width=\"150\" height=\"150\" src=\"https:\/\/centralmedia.rs\/wp-content\/uploads\/2023\/10\/koliba-150x150.jpg\" class=\"attachment-thumbnail size-thumbnail\" alt=\"\" \/><\/a>\n\t\t\t<\/div><\/figure><figure class='gallery-item'>\n\t\t\t<div class='gallery-icon landscape'>\n\t\t\t\t<a href='https:\/\/centralmedia.rs\/index.php\/2023\/10\/13\/kugler-bez-srbije-evropska-unija-nije-potpuna\/koliba1\/'><img loading=\"lazy\" decoding=\"async\" width=\"150\" height=\"150\" src=\"https:\/\/centralmedia.rs\/wp-content\/uploads\/2023\/10\/koliba1-150x150.jpg\" class=\"attachment-thumbnail size-thumbnail\" alt=\"\" \/><\/a>\n\t\t\t<\/div><\/figure><figure class='gallery-item'>\n\t\t\t<div class='gallery-icon landscape'>\n\t\t\t\t<a href='https:\/\/centralmedia.rs\/index.php\/2023\/10\/13\/kugler-bez-srbije-evropska-unija-nije-potpuna\/koliba2\/'><img loading=\"lazy\" decoding=\"async\" width=\"150\" height=\"150\" src=\"https:\/\/centralmedia.rs\/wp-content\/uploads\/2023\/10\/koliba2-150x150.jpg\" class=\"attachment-thumbnail size-thumbnail\" alt=\"\" \/><\/a>\n\t\t\t<\/div><\/figure>\n\t\t<\/div>\n\n<p>Sve\u010danoj ve\u010deri priusustvovala je i predsednica parlamentarne grupe austrijsko \u2013 srpskog prijateljstva u Saveznom parlamentu Austrije Gudrun Kugler, koja je razgovarala sa Markovi\u0107em o daljoj saradnji. \u201eJu\u010dera\u0161nji dan u Be\u010du bio je Dan poljoprivrednika iz Srbije koji su se vozili fijakerima kroz glavni grad Austrije. U fijakerima imali smo i zastavu Srbije, a zastava Srbije je zakon. Samo ove godine u organizaciji Skup\u0161tine grada Jagodina Be\u010d je posetilo 600 ljudi, 300 studenata u martu i sada jo\u0161 300. Austrija je prijateljska zemlja Srbiji. Razgovarali smo i o bolnim temama za Srbiju.\u00a0 Mnoge stvari su nam zajedni\u010dke, pre svega ekonomska saradnja i zadatak nas predsednika parlamentarnih grupa srpsko \u2013 austrijskog prijateljstva u oba parlamenta je da povezujemo privrednike izme\u0111u dve zemlje i doprinosimo ja\u010danju ekonomske, kulturne, sportske i politi\u010dke saradnje\u201c, rekao je Dragan Markovi\u0107 Palma. Predsednica parlamentarne grupe austrijsko \u2013 srpskog prijateljstva u Saveznom parlemnatu Austrije Gudrun Kugler, koja je funkcioner Austrijske narodne partije kancelara Karla Nehamera, istakla je da veoma po\u010dastvovana \u0161to prisustvuje sve\u010danoj ve\u010deri koja je prire\u0111ena za srpsku delegaciju. \u201eZa Austriju je Srbija veoma va\u017ena zemlja u ekonomskom, politi\u010dkom, kulturnom i sportskom \u017eivotu. Ja sam veoma zahvalana gra\u0111anima Srbije koji \u017eive u Austriji i koji zna\u010dajno doprinose razvoju Austrije. Austrija podr\u017eava evropski put Srbije i za nas Evropska unija nije potpuna bez Srbije. Veliko hvala mom kolegi Draganu Markovi\u0107u Palmi, veliko hvala svima vama \u0161to ste ovde. Srpske proslave su uvek najlep\u0161e i srpska hrana je uvek najbolja. \u017diveli!\u201c, poru\u010dila Gudrun Kugler. Markovi\u0107 je Kugler poklonio tradicionalni srpski set sa \u0161ajka\u010dom, opancima i doma\u0107im proizvodima poput meda sa oznakom Grada Jagodine. Markovi\u0107 i Kugler su zaigrali i srpsko kolo i time simboli\u010dno potvrdili prijateljstvo Srbije i Austrije u sred Be\u010da. Tokom sve\u010dane ve\u010dere organizovano je i izvla\u010denje 10 dobitnika, a nagrada je sedmodnevno letovanje o tro\u0161ku donatora. Povod je 60. 000-ti \u010dlan delegacije koji je negde putovao sa delegacijom Skup\u0161tine grada Jagodina. Petoro dobitnika su poljoprivrednici, a ostalih petoro prosvetni i zdravstveni radnici, vaspita\u010di i novinari. U Be\u010du su prire\u0111ene dve sve\u010dane ve\u010dere za srpsku delegaciju, a prisustvovali su i ambasador Srbije pri OEBS \u2013 u \u017darko Obradovi\u0107, generalni direktor Univerzitetske klinike Republike Srpske i narodni poslanik SNSD u Skup\u0161tini Republike Srpske Vlado \u0110aji\u0107, poslanici Narodne skup\u0161tine Srbije \u010dlanovi parlamentarne grupe srpsko-austrijskog prijateljstva, na\u010delnik Pomoravskog okruga Goran Milosavljevi\u0107, predstavnici odborni\u010dkih grupa u Skup\u0161tini grada Jagodine, privrednici iz Srbije i Austrije. Za dobro raspolo\u017eenje pobrinuo se Jasmin Muharemovi\u0107 i orkestar \u201eDoktori\u201c i velika zvezda narodne muzike Milica Jokic.<\/p>\n","protected":false},"excerpt":{"rendered":"<p>U Be\u010du je prire\u0111ena sve\u010dana ve\u010dera za delegaciju iz Srbije od 300 \u010dlanova, predvo\u0111enu predsednikom Jedinstvene Srbije i Skup\u0161tine grada Jagodine Draganom Markovi\u0107em Palmom, koji &hellip; <\/p>\n","protected":false},"author":2,"featured_media":36586,"comment_status":"open","ping_status":"open","sticky":false,"template":"","format":"standard","meta":{"footnotes":""},"categories":[1524,2,1514,5643,13,887,12],"tags":[209,58,120],"_links":{"self":[{"href":"https:\/\/centralmedia.rs\/index.php\/wp-json\/wp\/v2\/posts\/36585"}],"collection":[{"href":"https:\/\/centralmedia.rs\/index.php\/wp-json\/wp\/v2\/posts"}],"about":[{"href":"https:\/\/centralmedia.rs\/index.php\/wp-json\/wp\/v2\/types\/post"}],"author":[{"embeddable":true,"href":"https:\/\/centralmedia.rs\/index.php\/wp-json\/wp\/v2\/users\/2"}],"replies":[{"embeddable":true,"href":"https:\/\/centralmedia.rs\/index.php\/wp-json\/wp\/v2\/comments?post=36585"}],"version-history":[{"count":1,"href":"https:\/\/centralmedia.rs\/index.php\/wp-json\/wp\/v2\/posts\/36585\/revisions"}],"predecessor-version":[{"id":36589,"href":"https:\/\/centralmedia.rs\/index.php\/wp-json\/wp\/v2\/posts\/36585\/revisions\/36589"}],"wp:featuredmedia":[{"embeddable":true,"href":"https:\/\/centralmedia.rs\/index.php\/wp-json\/wp\/v2\/media\/36586"}],"wp:attachment":[{"href":"https:\/\/centralmedia.rs\/index.php\/wp-json\/wp\/v2\/media?parent=36585"}],"wp:term":[{"taxonomy":"category","embeddable":true,"href":"https:\/\/centralmedia.rs\/index.php\/wp-json\/wp\/v2\/categories?post=36585"},{"taxonomy":"post_tag","embeddable":true,"href":"https:\/\/centralmedia.rs\/index.php\/wp-json\/wp\/v2\/tags?post=36585"}],"curies":[{"name":"wp","href":"https:\/\/api.w.org\/{rel}","templated":true}]}}