{"id":36591,"date":"2023-10-16T13:03:27","date_gmt":"2023-10-16T11:03:27","guid":{"rendered":"http:\/\/centralmedia.rs\/?p=36591"},"modified":"2023-10-18T21:37:09","modified_gmt":"2023-10-18T19:37:09","slug":"palma-gde-god-odemo-borimo-se-za-srbiju","status":"publish","type":"post","link":"https:\/\/centralmedia.rs\/index.php\/2023\/10\/16\/palma-gde-god-odemo-borimo-se-za-srbiju\/","title":{"rendered":"PALMA : GDE GOD ODEMO BORIMO SE ZA SRBIJU"},"content":{"rendered":"<p>Predsednik Jedinstvene Srbije i Skup\u0161tine grada Jagodine Dragan Markovi\u0107 Palma, koji je bio \u0161ef srpske delegacije od 300 \u010dlanova u poseti Be\u010du, izjavio je za televiziju Pink da je cilj svakog njegovog putovanja borba za Srbiju.<\/p>\n<p><img loading=\"lazy\" decoding=\"async\" class=\"alignnone wp-image-36593 size-large\" src=\"http:\/\/centralmedia.rs\/wp-content\/uploads\/2023\/10\/palma-1024x771.jpg\" alt=\"\" width=\"640\" height=\"482\" srcset=\"https:\/\/centralmedia.rs\/wp-content\/uploads\/2023\/10\/palma-1024x771.jpg 1024w, https:\/\/centralmedia.rs\/wp-content\/uploads\/2023\/10\/palma-300x226.jpg 300w, https:\/\/centralmedia.rs\/wp-content\/uploads\/2023\/10\/palma-768x578.jpg 768w, https:\/\/centralmedia.rs\/wp-content\/uploads\/2023\/10\/palma-558x420.jpg 558w, https:\/\/centralmedia.rs\/wp-content\/uploads\/2023\/10\/palma-80x60.jpg 80w, https:\/\/centralmedia.rs\/wp-content\/uploads\/2023\/10\/palma-100x75.jpg 100w, https:\/\/centralmedia.rs\/wp-content\/uploads\/2023\/10\/palma-180x135.jpg 180w, https:\/\/centralmedia.rs\/wp-content\/uploads\/2023\/10\/palma-238x178.jpg 238w, https:\/\/centralmedia.rs\/wp-content\/uploads\/2023\/10\/palma-640x482.jpg 640w, https:\/\/centralmedia.rs\/wp-content\/uploads\/2023\/10\/palma-681x512.jpg 681w, https:\/\/centralmedia.rs\/wp-content\/uploads\/2023\/10\/palma.jpg 1600w\" sizes=\"(max-width: 640px) 100vw, 640px\" \/><\/p>\n<p>\u201cJa sam rekao tokom posete Be\u010du da ne\u0107u da pri\u010dam o politici, o ratovima i o koroni, ve\u0107 samo o lepim stvarima. Mi kada god pre\u0111emo dr\u017eavnu granicu i odemo u neku zemlju mi smo gra\u0111ani Srbije i borimo se za Srbiju\u201d, kazao je Markovi\u0107. \u201cOvom posetom Be\u010du na\u0161i poljoprivredni proizvo\u0111a\u010di koji su bili najbrojniji u delegaciji od 300 \u010dlanova, a u kojoj su bili i zdravstveni i prosvetni radnci i vaspita\u010di, su impresionirani. Gospoda poljoprivredni prozivo\u0111a\u010di su mi rekli da su impresionirani. Nisu to seljaci, oni su pametniji od 70 posto politi\u010dara jer imaju veliko radno iskustvo i sa njima mo\u017eete da pri\u010date o svim temama. Vlasnici be\u010dkih fijakera su mi rekli da se nikada nije desilo da neka organizovana\u00a0 grupa zakupi sve fijakere u Be\u010du, a da putnici budu poljoprivrednici\u201d, rekao je Dragan Markovi\u0107 Palma. Na pitanje novinara televizije Pinik \u201ckoja \u0107e biti slede\u0107a destinacija za putovanje\u201d Markovi\u0107 je rekao \u201cza slede\u0107u destinaciju okrenu\u0107emo globus i gde se zaustavi i prst poka\u017ee tu \u0107emo i\u0107i\u201d, nakon \u010dega je uz sugestiju novinara, odre\u0111eno da slede\u0107a destinacija bude Egipat. \u201cMeni su najdra\u017ee destinacije Gr\u010dka, Egipat, Austrija i sve ostale dr\u017eave koje su dobronomanerne prema Srbiji i po\u0161tuju me\u0111unarodno pravo. U organizaciji Skup\u0161tine grada Jagodine, a o tro\u0161ku donatora u poslednjih 18 godina putovalo je 60 000 gra\u0111ana iz 45 gradova i op\u0161tina Srbije\u201d, zaklju\u010dio je Markvi\u0107 u intervjuu za televiziju Pink.<\/p>\n","protected":false},"excerpt":{"rendered":"<p>Predsednik Jedinstvene Srbije i Skup\u0161tine grada Jagodine Dragan Markovi\u0107 Palma, koji je bio \u0161ef srpske delegacije od 300 \u010dlanova u poseti Be\u010du, izjavio je za &hellip; <\/p>\n","protected":false},"author":2,"featured_media":36592,"comment_status":"open","ping_status":"open","sticky":false,"template":"","format":"standard","meta":{"footnotes":""},"categories":[1524,2,1514,5643,13,887,12],"tags":[209,120],"_links":{"self":[{"href":"https:\/\/centralmedia.rs\/index.php\/wp-json\/wp\/v2\/posts\/36591"}],"collection":[{"href":"https:\/\/centralmedia.rs\/index.php\/wp-json\/wp\/v2\/posts"}],"about":[{"href":"https:\/\/centralmedia.rs\/index.php\/wp-json\/wp\/v2\/types\/post"}],"author":[{"embeddable":true,"href":"https:\/\/centralmedia.rs\/index.php\/wp-json\/wp\/v2\/users\/2"}],"replies":[{"embeddable":true,"href":"https:\/\/centralmedia.rs\/index.php\/wp-json\/wp\/v2\/comments?post=36591"}],"version-history":[{"count":1,"href":"https:\/\/centralmedia.rs\/index.php\/wp-json\/wp\/v2\/posts\/36591\/revisions"}],"predecessor-version":[{"id":36594,"href":"https:\/\/centralmedia.rs\/index.php\/wp-json\/wp\/v2\/posts\/36591\/revisions\/36594"}],"wp:featuredmedia":[{"embeddable":true,"href":"https:\/\/centralmedia.rs\/index.php\/wp-json\/wp\/v2\/media\/36592"}],"wp:attachment":[{"href":"https:\/\/centralmedia.rs\/index.php\/wp-json\/wp\/v2\/media?parent=36591"}],"wp:term":[{"taxonomy":"category","embeddable":true,"href":"https:\/\/centralmedia.rs\/index.php\/wp-json\/wp\/v2\/categories?post=36591"},{"taxonomy":"post_tag","embeddable":true,"href":"https:\/\/centralmedia.rs\/index.php\/wp-json\/wp\/v2\/tags?post=36591"}],"curies":[{"name":"wp","href":"https:\/\/api.w.org\/{rel}","templated":true}]}}