{"id":36595,"date":"2023-10-16T13:19:41","date_gmt":"2023-10-16T11:19:41","guid":{"rendered":"http:\/\/centralmedia.rs\/?p=36595"},"modified":"2023-10-18T21:37:18","modified_gmt":"2023-10-18T19:37:18","slug":"rekonstrukcije-ulica-u-svilajncu","status":"publish","type":"post","link":"https:\/\/centralmedia.rs\/index.php\/2023\/10\/16\/rekonstrukcije-ulica-u-svilajncu\/","title":{"rendered":"REKONSTRUKCIJE ULICA U SVILAJNCU"},"content":{"rendered":"<p>SVILAJNAC- Radovi na rekonstrukciji Bisi\u0107eve ulice u Sviljancu su u punom su jeku, a trenutno je u toku kopanje i izrada ki\u0161ne kanalizacije.<\/p>\n<div id='gallery-1' class='gallery galleryid-36595 gallery-columns-3 gallery-size-thumbnail'><figure class='gallery-item'>\n\t\t\t<div class='gallery-icon landscape'>\n\t\t\t\t<a href='https:\/\/centralmedia.rs\/index.php\/2023\/10\/16\/rekonstrukcije-ulica-u-svilajncu\/bisiceva1\/'><img loading=\"lazy\" decoding=\"async\" width=\"150\" height=\"150\" src=\"https:\/\/centralmedia.rs\/wp-content\/uploads\/2023\/10\/bisiceva1-150x150.jpg\" class=\"attachment-thumbnail size-thumbnail\" alt=\"\" srcset=\"https:\/\/centralmedia.rs\/wp-content\/uploads\/2023\/10\/bisiceva1-150x150.jpg 150w, https:\/\/centralmedia.rs\/wp-content\/uploads\/2023\/10\/bisiceva1-300x300.jpg 300w, https:\/\/centralmedia.rs\/wp-content\/uploads\/2023\/10\/bisiceva1-768x768.jpg 768w, https:\/\/centralmedia.rs\/wp-content\/uploads\/2023\/10\/bisiceva1-1024x1024.jpg 1024w, https:\/\/centralmedia.rs\/wp-content\/uploads\/2023\/10\/bisiceva1-420x420.jpg 420w, https:\/\/centralmedia.rs\/wp-content\/uploads\/2023\/10\/bisiceva1-640x640.jpg 640w, https:\/\/centralmedia.rs\/wp-content\/uploads\/2023\/10\/bisiceva1-681x681.jpg 681w, https:\/\/centralmedia.rs\/wp-content\/uploads\/2023\/10\/bisiceva1.jpg 1440w\" sizes=\"(max-width: 150px) 100vw, 150px\" \/><\/a>\n\t\t\t<\/div><\/figure><figure class='gallery-item'>\n\t\t\t<div class='gallery-icon landscape'>\n\t\t\t\t<a href='https:\/\/centralmedia.rs\/index.php\/2023\/10\/16\/rekonstrukcije-ulica-u-svilajncu\/bisiceva2\/'><img loading=\"lazy\" decoding=\"async\" width=\"150\" height=\"150\" src=\"https:\/\/centralmedia.rs\/wp-content\/uploads\/2023\/10\/bisiceva2-150x150.jpg\" class=\"attachment-thumbnail size-thumbnail\" alt=\"\" srcset=\"https:\/\/centralmedia.rs\/wp-content\/uploads\/2023\/10\/bisiceva2-150x150.jpg 150w, https:\/\/centralmedia.rs\/wp-content\/uploads\/2023\/10\/bisiceva2-300x300.jpg 300w, https:\/\/centralmedia.rs\/wp-content\/uploads\/2023\/10\/bisiceva2-768x768.jpg 768w, https:\/\/centralmedia.rs\/wp-content\/uploads\/2023\/10\/bisiceva2-1024x1024.jpg 1024w, https:\/\/centralmedia.rs\/wp-content\/uploads\/2023\/10\/bisiceva2-420x420.jpg 420w, https:\/\/centralmedia.rs\/wp-content\/uploads\/2023\/10\/bisiceva2-640x640.jpg 640w, https:\/\/centralmedia.rs\/wp-content\/uploads\/2023\/10\/bisiceva2-681x681.jpg 681w, https:\/\/centralmedia.rs\/wp-content\/uploads\/2023\/10\/bisiceva2.jpg 1440w\" sizes=\"(max-width: 150px) 100vw, 150px\" \/><\/a>\n\t\t\t<\/div><\/figure><figure class='gallery-item'>\n\t\t\t<div class='gallery-icon landscape'>\n\t\t\t\t<a href='https:\/\/centralmedia.rs\/index.php\/2023\/10\/16\/rekonstrukcije-ulica-u-svilajncu\/bisiceva3\/'><img loading=\"lazy\" decoding=\"async\" width=\"150\" height=\"150\" src=\"https:\/\/centralmedia.rs\/wp-content\/uploads\/2023\/10\/bisiceva3-150x150.jpg\" class=\"attachment-thumbnail size-thumbnail\" alt=\"\" srcset=\"https:\/\/centralmedia.rs\/wp-content\/uploads\/2023\/10\/bisiceva3-150x150.jpg 150w, https:\/\/centralmedia.rs\/wp-content\/uploads\/2023\/10\/bisiceva3-300x300.jpg 300w, https:\/\/centralmedia.rs\/wp-content\/uploads\/2023\/10\/bisiceva3-768x768.jpg 768w, https:\/\/centralmedia.rs\/wp-content\/uploads\/2023\/10\/bisiceva3-1024x1024.jpg 1024w, https:\/\/centralmedia.rs\/wp-content\/uploads\/2023\/10\/bisiceva3-420x420.jpg 420w, https:\/\/centralmedia.rs\/wp-content\/uploads\/2023\/10\/bisiceva3-640x640.jpg 640w, https:\/\/centralmedia.rs\/wp-content\/uploads\/2023\/10\/bisiceva3-681x681.jpg 681w, https:\/\/centralmedia.rs\/wp-content\/uploads\/2023\/10\/bisiceva3.jpg 1440w\" sizes=\"(max-width: 150px) 100vw, 150px\" \/><\/a>\n\t\t\t<\/div><\/figure>\n\t\t<\/div>\n\n<p>Stanje na terenu obi\u0161ao je predsednik op\u0161tine Svilajnac Predrag Milanovi\u0107, koji je istakao da su ovo veliki infrastrukturni radovi:<\/p>\n<p>\u201eTrenutno je u toku kopanje na dubini od preko 5 metara, kojim se radi nova ki\u0161na kanalizacija, radimo i novu vodovonu mre\u017eu, gde menjamo azbestne cevi, a svim ljudima koji \u017eive u ovoj ulici uradi\u0107emo nove priklju\u010dke i vodomere. Nakon toga sledi izrada levih i desnih trotoara i nov kolovoz. Du\u017eina ulice je oko 600 metara, a kompletna rekonstrukcija, koja obuhvata sve ove intenzivne radove,\u00a0 ko\u0161ta\u0107e oko 60 miliona dinara\u201c \u2013 izjavio je Milanovi\u0107 dodav\u0161i da je predvi\u0111eni rok za zavrpetak radova kraj novembra ove godine.<\/p>\n<p>Milanovi\u0107 je dodao i da se radi na projektnoj dokumentaciji za rekonstrukciju ulice 8. oktobar, koja je planirana da se radi po\u010detkom naredne godine.<\/p>\n","protected":false},"excerpt":{"rendered":"<p>SVILAJNAC- Radovi na rekonstrukciji Bisi\u0107eve ulice u Sviljancu su u punom su jeku, a trenutno je u toku kopanje i izrada ki\u0161ne kanalizacije. Stanje na &hellip; <\/p>\n","protected":false},"author":2,"featured_media":36596,"comment_status":"open","ping_status":"open","sticky":false,"template":"","format":"standard","meta":{"footnotes":""},"categories":[1524,2,887,16,12,5785,1517],"tags":[1280,38,3296],"_links":{"self":[{"href":"https:\/\/centralmedia.rs\/index.php\/wp-json\/wp\/v2\/posts\/36595"}],"collection":[{"href":"https:\/\/centralmedia.rs\/index.php\/wp-json\/wp\/v2\/posts"}],"about":[{"href":"https:\/\/centralmedia.rs\/index.php\/wp-json\/wp\/v2\/types\/post"}],"author":[{"embeddable":true,"href":"https:\/\/centralmedia.rs\/index.php\/wp-json\/wp\/v2\/users\/2"}],"replies":[{"embeddable":true,"href":"https:\/\/centralmedia.rs\/index.php\/wp-json\/wp\/v2\/comments?post=36595"}],"version-history":[{"count":1,"href":"https:\/\/centralmedia.rs\/index.php\/wp-json\/wp\/v2\/posts\/36595\/revisions"}],"predecessor-version":[{"id":36600,"href":"https:\/\/centralmedia.rs\/index.php\/wp-json\/wp\/v2\/posts\/36595\/revisions\/36600"}],"wp:featuredmedia":[{"embeddable":true,"href":"https:\/\/centralmedia.rs\/index.php\/wp-json\/wp\/v2\/media\/36596"}],"wp:attachment":[{"href":"https:\/\/centralmedia.rs\/index.php\/wp-json\/wp\/v2\/media?parent=36595"}],"wp:term":[{"taxonomy":"category","embeddable":true,"href":"https:\/\/centralmedia.rs\/index.php\/wp-json\/wp\/v2\/categories?post=36595"},{"taxonomy":"post_tag","embeddable":true,"href":"https:\/\/centralmedia.rs\/index.php\/wp-json\/wp\/v2\/tags?post=36595"}],"curies":[{"name":"wp","href":"https:\/\/api.w.org\/{rel}","templated":true}]}}