{"id":36601,"date":"2023-10-13T13:22:40","date_gmt":"2023-10-13T11:22:40","guid":{"rendered":"http:\/\/centralmedia.rs\/?p=36601"},"modified":"2023-10-18T21:36:03","modified_gmt":"2023-10-18T19:36:03","slug":"izlozba-radova-emerika-fejesa","status":"publish","type":"post","link":"https:\/\/centralmedia.rs\/index.php\/2023\/10\/13\/izlozba-radova-emerika-fejesa\/","title":{"rendered":"IZLO\u017dBA RADOVA EMERIKA FEJE\u0160A"},"content":{"rendered":"<p>SVILAJNAC-Izlo\u017eba radova Emerika Feje\u0161a &#8220;Razglednice iz (ne)postoje\u0107ih gradova&#8221; organizovana u saradnji sa Muzejem naivne i marginalne umetnosti, sve\u010dano je otvorena u Centru za kulturu Svilajnac.<\/p>\n<p>Izlo\u017eba je svetski klasik iz tematike urbanog pejza\u017ea. Prizore veli\u010danstvenih gra\u0111evina svetskih metropola autor prevodi u jedinstven do\u017eivljaj za\u010daranog sveta vanprostorne i vanvremenske arhitekture.<\/p>\n<p>Ma\u0161toviti svetski putnik koji jedva da je napu\u0161tao svoju sobu, samo na osnovu crno-belih razglednica stvorio je o\u010daravaju\u0107i svet blistavih gradova iz svoje \u017eive uobrazilje.<\/p>\n<p>Izlo\u017ebu mo\u017eete pogledati do 3. novembra 2023. godine, radnim danima u galeriji Centra za kulturu, od 8 do 20 \u010dasova.<\/p>\n","protected":false},"excerpt":{"rendered":"<p>SVILAJNAC-Izlo\u017eba radova Emerika Feje\u0161a &#8220;Razglednice iz (ne)postoje\u0107ih gradova&#8221; organizovana u saradnji sa Muzejem naivne i marginalne umetnosti, sve\u010dano je otvorena u Centru za kulturu Svilajnac. &hellip; <\/p>\n","protected":false},"author":2,"featured_media":36602,"comment_status":"open","ping_status":"open","sticky":false,"template":"","format":"standard","meta":{"footnotes":""},"categories":[1524,2,15,887,12,1517,5785],"tags":[6336,6337],"_links":{"self":[{"href":"https:\/\/centralmedia.rs\/index.php\/wp-json\/wp\/v2\/posts\/36601"}],"collection":[{"href":"https:\/\/centralmedia.rs\/index.php\/wp-json\/wp\/v2\/posts"}],"about":[{"href":"https:\/\/centralmedia.rs\/index.php\/wp-json\/wp\/v2\/types\/post"}],"author":[{"embeddable":true,"href":"https:\/\/centralmedia.rs\/index.php\/wp-json\/wp\/v2\/users\/2"}],"replies":[{"embeddable":true,"href":"https:\/\/centralmedia.rs\/index.php\/wp-json\/wp\/v2\/comments?post=36601"}],"version-history":[{"count":1,"href":"https:\/\/centralmedia.rs\/index.php\/wp-json\/wp\/v2\/posts\/36601\/revisions"}],"predecessor-version":[{"id":36603,"href":"https:\/\/centralmedia.rs\/index.php\/wp-json\/wp\/v2\/posts\/36601\/revisions\/36603"}],"wp:featuredmedia":[{"embeddable":true,"href":"https:\/\/centralmedia.rs\/index.php\/wp-json\/wp\/v2\/media\/36602"}],"wp:attachment":[{"href":"https:\/\/centralmedia.rs\/index.php\/wp-json\/wp\/v2\/media?parent=36601"}],"wp:term":[{"taxonomy":"category","embeddable":true,"href":"https:\/\/centralmedia.rs\/index.php\/wp-json\/wp\/v2\/categories?post=36601"},{"taxonomy":"post_tag","embeddable":true,"href":"https:\/\/centralmedia.rs\/index.php\/wp-json\/wp\/v2\/tags?post=36601"}],"curies":[{"name":"wp","href":"https:\/\/api.w.org\/{rel}","templated":true}]}}