{"id":36624,"date":"2023-10-16T13:39:46","date_gmt":"2023-10-16T11:39:46","guid":{"rendered":"http:\/\/centralmedia.rs\/?p=36624"},"modified":"2023-10-20T14:04:03","modified_gmt":"2023-10-20T12:04:03","slug":"zlatibor-prvi-iz-srbije-medu-100-svetskih-turistickih-zelenih-destinacija","status":"publish","type":"post","link":"https:\/\/centralmedia.rs\/index.php\/2023\/10\/16\/zlatibor-prvi-iz-srbije-medu-100-svetskih-turistickih-zelenih-destinacija\/","title":{"rendered":"Zlatibor prvi iz Srbije me\u0111u 100 svetskih turisti\u010dkih zelenih destinacija"},"content":{"rendered":"<p>Na ceremoniji u glavnom gradu Estonije Talinu ju\u010de je objavljen spisak 100 najboljih turisti\u010dkih zelenih destinacija iz celog sveta prema primerima odr\u017eivog razvoja, me\u0111u kojima je i Zlatibor. Pri\u010da o mlekari &#8221;Na\u0161a Zlatka&#8221; kao korisnoj i odr\u017eivoj podr\u0161ci lokalnim proizvo\u0111a\u010dima, kojom smo konkurisali, u\u0161la je u &#8221;Top 100 Stories\u201c, u presti\u017eno dru\u0161tvo turisti\u010dkih centara Japana, SAD, Filipina, dr\u017eava Evropske unije i drugih.<\/p>\n<p><img loading=\"lazy\" decoding=\"async\" class=\"alignnone wp-image-36626 size-full\" src=\"http:\/\/centralmedia.rs\/wp-content\/uploads\/2023\/10\/toz.jpg\" alt=\"\" width=\"700\" height=\"560\" srcset=\"https:\/\/centralmedia.rs\/wp-content\/uploads\/2023\/10\/toz.jpg 700w, https:\/\/centralmedia.rs\/wp-content\/uploads\/2023\/10\/toz-300x240.jpg 300w, https:\/\/centralmedia.rs\/wp-content\/uploads\/2023\/10\/toz-525x420.jpg 525w, https:\/\/centralmedia.rs\/wp-content\/uploads\/2023\/10\/toz-640x512.jpg 640w, https:\/\/centralmedia.rs\/wp-content\/uploads\/2023\/10\/toz-681x545.jpg 681w\" sizes=\"(max-width: 700px) 100vw, 700px\" \/><\/p>\n<p>Ovu ve\u0107 na startu uspe\u0161nu saradnju sa svetskom organizacijom \u201eGreen Destinations\u201c (Zelene destinacije), koja je organizator internacionalnog izbora &#8221;Top 100 Stories&#8221;, predstavnici Turisti\u010dke organizacije Zlatibor zapo\u010deli su na ovogodi\u0161njem Sajmu turizma u Berlinu. Tada se rodila ideja da u tome u\u010destvuje i najpose\u0107enija planina Srbije. A kako op\u0161tina \u010cajetina te\u017ei da postane prva ekolo\u0161ka lokalna samouprava u Srbiji, ovo se pokazalo kao sjajna prilika da Zlatibor u\u0111e u izbor zelenih destinacija i da se bori za taj presti\u017eni sertifikat.<\/p>\n<p>Zato je tim Turisti\u010dke organizacije Zlatibor, predvo\u0111en direktorom Vladimirom \u017divanovi\u0107em, u saradnji sa kolegama iz zlatiborskog \u201eEko agrara\u201c pripremio pri\u010du o mlekari \u201eNa\u0161a Zlatka\u201c, opremljenoj najsavremenijom opremom za preradu mleka i tradicionalnu proizvodnju zlatiborskog sira i kajmaka. Od va\u017enosti je to \u0161to se u njoj prera\u0111uje mleko sa registrovanih poljoprivrednih gazdinstava na teritoriji op\u0161tine \u010cajetina i time pru\u017ea pomo\u0107 malim i lokalnim proizvo\u0111a\u010dima, a posebno bitno \u0161to turisti ove proizvode mogu da probaju u ugostiteljskim objektima na &#8221;zlatnoj planini&#8221;.<\/p>\n<p>Tim primerom, kojim smo ukazali na uspe\u0161no stvaranje lokalnog brenda istovremeno korisnog I za proizvo\u0111a\u010de i za snabdevanje turisti\u010dkog centra, Zlatibor je uspeo da u\u0111e me\u0111u 100 najboljih na izboru u Talinu, \u010dime smo po\u010dastvovani. Treba ista\u0107i da je \u201cGreen Destinations\u2019\u2019 neprofitna organizacija osnovana u Holandiji s ciljem unapre\u0111enja odr\u017eivog razvoja destinacija i u\u010desnika u turizmu, kao i njihove prepoznatljivosti na svetskom tr\u017ei\u0161tu. Sara\u0111uje s 200 destinacija u vi\u0161e od 80 zemalja sveta, uz dodelu nagrada i sertifikata za destinacije, program dobrih putovanja za preduze\u0107a, kao i 100 najboljih pri\u010da o odr\u017eivosti. Razvili su program podr\u0161ke koji uklju\u010duje preko 40 alata za procenu i izve\u0161tavanje, uklju\u010duju\u0107i kurseve i obuke. \u201cGreen Destinations\u2019\u2019 se dr\u017ei na\u010dela da su mir, univerzalna ljudska prava i socijalna i ekolo\u0161ka pravda osnovni stubovi odr\u017eivog turizma.<\/p>\n<p>Nakon ovog va\u017enog iskoraka Zlatibor \u0107e u narednom periodu kroz obuke i treninge nastojati da \u0161to vi\u0161e radi na razvoju i unapre\u0111enju odr\u017eivog turizma, te da bude prepoznat kao zelena destinacija na svetskom turisti\u010dkom tr\u017ei\u0161tu. Tome u prilog ide \u0161to je Republika Srbija u maju ove godine, uz podr\u0161ku UNDP-a, postala \u010dlanica Globalnog saveta za odr\u017eivi turizam, a to otvara mogu\u0107nost i Zlatiboru da se razvija u ovom pravcu, te uklju\u010di u projekte koje Ministarstvo turizma i omladine planira u narednom periodu.<\/p>\n","protected":false},"excerpt":{"rendered":"<p>Na ceremoniji u glavnom gradu Estonije Talinu ju\u010de je objavljen spisak 100 najboljih turisti\u010dkih zelenih destinacija iz celog sveta prema primerima odr\u017eivog razvoja, me\u0111u kojima &hellip; <\/p>\n","protected":false},"author":2,"featured_media":36625,"comment_status":"open","ping_status":"open","sticky":false,"template":"","format":"standard","meta":{"footnotes":""},"categories":[5787,2875,1524,2,23,887,3054],"tags":[2762,65,2876],"_links":{"self":[{"href":"https:\/\/centralmedia.rs\/index.php\/wp-json\/wp\/v2\/posts\/36624"}],"collection":[{"href":"https:\/\/centralmedia.rs\/index.php\/wp-json\/wp\/v2\/posts"}],"about":[{"href":"https:\/\/centralmedia.rs\/index.php\/wp-json\/wp\/v2\/types\/post"}],"author":[{"embeddable":true,"href":"https:\/\/centralmedia.rs\/index.php\/wp-json\/wp\/v2\/users\/2"}],"replies":[{"embeddable":true,"href":"https:\/\/centralmedia.rs\/index.php\/wp-json\/wp\/v2\/comments?post=36624"}],"version-history":[{"count":1,"href":"https:\/\/centralmedia.rs\/index.php\/wp-json\/wp\/v2\/posts\/36624\/revisions"}],"predecessor-version":[{"id":36627,"href":"https:\/\/centralmedia.rs\/index.php\/wp-json\/wp\/v2\/posts\/36624\/revisions\/36627"}],"wp:featuredmedia":[{"embeddable":true,"href":"https:\/\/centralmedia.rs\/index.php\/wp-json\/wp\/v2\/media\/36625"}],"wp:attachment":[{"href":"https:\/\/centralmedia.rs\/index.php\/wp-json\/wp\/v2\/media?parent=36624"}],"wp:term":[{"taxonomy":"category","embeddable":true,"href":"https:\/\/centralmedia.rs\/index.php\/wp-json\/wp\/v2\/categories?post=36624"},{"taxonomy":"post_tag","embeddable":true,"href":"https:\/\/centralmedia.rs\/index.php\/wp-json\/wp\/v2\/tags?post=36624"}],"curies":[{"name":"wp","href":"https:\/\/api.w.org\/{rel}","templated":true}]}}