{"id":36688,"date":"2023-10-23T17:12:13","date_gmt":"2023-10-23T15:12:13","guid":{"rendered":"http:\/\/centralmedia.rs\/?p=36688"},"modified":"2023-10-28T13:52:36","modified_gmt":"2023-10-28T11:52:36","slug":"odrzane-10-pesnicke-vatre-zlatiborske","status":"publish","type":"post","link":"https:\/\/centralmedia.rs\/index.php\/2023\/10\/23\/odrzane-10-pesnicke-vatre-zlatiborske\/","title":{"rendered":"Odr\u017eane 10. Pesni\u010dke vatre zlatiborske"},"content":{"rendered":"<p>ZLATIBOR- Tradicionalnim paljenjem vatre na \u0160umatnom brdu i kazivanjem pesama u Kulturnom centru Zlatibor obele\u017eena je tradicionalna manifestacije \u201ePesni\u010dke vatre Zlatiborske\u201c, susreti pesnika na Zlatiboru koji su ove godine posve\u0107eni 130-oj godi\u0161njici ro\u0111enja Milo\u0161a Crnjanskog, a ovogodi\u0161nji dobitnik Povelje \u201ePesni\u010dkih vatri zlatiborskih\u201c je pesnik Selimir Radulovi\u0107, upravnik Biblioteke Matice srpske u Novom Sadu. Prisustvuju\u0107i paljenju ove specifi\u010dne \u201epesni\u010dke\u201c vatre, predsednik Skup\u0161tine op\u0161tine \u010cajetina Arsen \u0110uri\u0107 je ukazao da se na ovogodi\u0161njim \u201ePesni\u010dkim vatrama zlatiborskim\u201c obele\u017eavaju tri zna\u010dajna jubileja &#8211; 10. godina ove manifestacije lepe re\u010di, 130 godina od ro\u0111enja Milo\u0161a Crnjanskog, srpskog knji\u017eevnika, novinara, prevodioca i diplomate i isto toliko od po\u010detka organizovanog bavljenja turizmom na Zlatiboru.<\/p>\n<p>Milan Stamatovi\u0107, predsednik op\u0161tine \u010cajetina, je obra\u0107aju\u0107i se pesnicima i ostalim gostima naglasio da \u201ekao lokalna samouprava puno ula\u017eemo u kulturu i pritom se trudimo da sve ono \u0161to je tradicionalno uklopimo sa onim modernim, da se podsetimo dela na\u0161ih poznatih i priznatih nau\u010dnika i pesnika koji su dali ogroman doprinos da se ne zaboravi na\u0161a kultura, vera, istorija i tradicija. Osim investicija u oblasti razvoja turizma i brojne manifestacije iz oblasti kulture su veoma doprinele pozitivnoj slici o Zlatiboru i kompletnoj op\u0161tini \u010cajetina\u201c istakao je Stamatovi\u0107 pred publikom u Kulturnom centru Zlatibor.<\/p>\n<p>O pesmama Selimira Radulovi\u0107a je govorio Dragan Stani\u0107, predsednik Matice Srpske, a poeziju ovogodi\u0161njeg dobitnika Povelje su kazivali prvak drame U\u017ei\u010dkog narodnog pozori\u0161ta Slobodan Ljubi\u010di\u0107 i u\u010denica Ugostiteljsko turisti\u010dke \u0161kole iz \u010cajetine Jelena Kova\u010devi\u0107. Posebnu dra\u017e ovim pesni\u010dkim susretima svojim nastupom je dao de\u010diji hor \u201eMla\u0111ani gra\u0111ani\u201c sa Zlatibora.<\/p>\n<p>Zahvaljuju\u0107i se na nagradi, Radulovi\u0107 je podsetio prisutne \u201eda je Crnjanski bio pesnik novog svetskog bola, ali i da nije raskidao veze sa tradicijom\u201c, a svoje izlaganje je zavr\u0161io re\u010dima Ave Justina \u201eda iako \u017eivi u trzajima muke i bola, srpski narod \u017eivi, \u017eive\u0107e i nad\u017eive\u0107e sve to\u201c.<\/p>\n<p>Stihove Milo\u0161a Crnjanskog govorio je dramski i filmski umetnik Lazar Ristovski, a svojim pesmama publiku su pozdravili u\u010desnici Me\u0111unarodnog susreta pisaca Jelena Bujevi\u010d iz Ukrajine, \u010cedomir Vuki\u0107evi\u0107 iz Crne Gore i zavi\u010dajne pesnikinje zlatiborskog kraja Mirjana Rankovi\u0107 Lukovi\u0107 i Marija Vulovi\u0107.<\/p>\n","protected":false},"excerpt":{"rendered":"<p>ZLATIBOR- Tradicionalnim paljenjem vatre na \u0160umatnom brdu i kazivanjem pesama u Kulturnom centru Zlatibor obele\u017eena je tradicionalna manifestacije \u201ePesni\u010dke vatre Zlatiborske\u201c, susreti pesnika na Zlatiboru &hellip; <\/p>\n","protected":false},"author":2,"featured_media":36689,"comment_status":"open","ping_status":"open","sticky":false,"template":"","format":"standard","meta":{"footnotes":""},"categories":[2875,5787,1524,2,15,887],"tags":[6350,2876],"_links":{"self":[{"href":"https:\/\/centralmedia.rs\/index.php\/wp-json\/wp\/v2\/posts\/36688"}],"collection":[{"href":"https:\/\/centralmedia.rs\/index.php\/wp-json\/wp\/v2\/posts"}],"about":[{"href":"https:\/\/centralmedia.rs\/index.php\/wp-json\/wp\/v2\/types\/post"}],"author":[{"embeddable":true,"href":"https:\/\/centralmedia.rs\/index.php\/wp-json\/wp\/v2\/users\/2"}],"replies":[{"embeddable":true,"href":"https:\/\/centralmedia.rs\/index.php\/wp-json\/wp\/v2\/comments?post=36688"}],"version-history":[{"count":1,"href":"https:\/\/centralmedia.rs\/index.php\/wp-json\/wp\/v2\/posts\/36688\/revisions"}],"predecessor-version":[{"id":36690,"href":"https:\/\/centralmedia.rs\/index.php\/wp-json\/wp\/v2\/posts\/36688\/revisions\/36690"}],"wp:featuredmedia":[{"embeddable":true,"href":"https:\/\/centralmedia.rs\/index.php\/wp-json\/wp\/v2\/media\/36689"}],"wp:attachment":[{"href":"https:\/\/centralmedia.rs\/index.php\/wp-json\/wp\/v2\/media?parent=36688"}],"wp:term":[{"taxonomy":"category","embeddable":true,"href":"https:\/\/centralmedia.rs\/index.php\/wp-json\/wp\/v2\/categories?post=36688"},{"taxonomy":"post_tag","embeddable":true,"href":"https:\/\/centralmedia.rs\/index.php\/wp-json\/wp\/v2\/tags?post=36688"}],"curies":[{"name":"wp","href":"https:\/\/api.w.org\/{rel}","templated":true}]}}