{"id":36729,"date":"2023-10-25T23:50:08","date_gmt":"2023-10-25T21:50:08","guid":{"rendered":"http:\/\/centralmedia.rs\/?p=36729"},"modified":"2023-10-28T13:53:15","modified_gmt":"2023-10-28T11:53:15","slug":"ciscenje-divljih-deponija","status":"publish","type":"post","link":"https:\/\/centralmedia.rs\/index.php\/2023\/10\/25\/ciscenje-divljih-deponija\/","title":{"rendered":"\u010cI\u0160\u0106ENjE DIVLjIH DEPONIJA"},"content":{"rendered":"<p>&nbsp;<\/p>\n<p>SVILAJNAC-Predsednik op\u0161tine Svilajnac Predrag Milanovi\u0107 obi\u0161ao je danas divlju deponiju u ataru sela Dublje, gde je najavio kompletno \u010di\u0161\u0107enje ove deponije u narednih deset dana:<\/p>\n<p><img loading=\"lazy\" decoding=\"async\" class=\"alignnone wp-image-36731 size-large\" src=\"http:\/\/centralmedia.rs\/wp-content\/uploads\/2023\/10\/deponije-1024x683.jpg\" alt=\"\" width=\"640\" height=\"427\" srcset=\"https:\/\/centralmedia.rs\/wp-content\/uploads\/2023\/10\/deponije-1024x683.jpg 1024w, https:\/\/centralmedia.rs\/wp-content\/uploads\/2023\/10\/deponije-300x200.jpg 300w, https:\/\/centralmedia.rs\/wp-content\/uploads\/2023\/10\/deponije-768x512.jpg 768w, https:\/\/centralmedia.rs\/wp-content\/uploads\/2023\/10\/deponije-630x420.jpg 630w, https:\/\/centralmedia.rs\/wp-content\/uploads\/2023\/10\/deponije-640x427.jpg 640w, https:\/\/centralmedia.rs\/wp-content\/uploads\/2023\/10\/deponije-681x454.jpg 681w, https:\/\/centralmedia.rs\/wp-content\/uploads\/2023\/10\/deponije.jpg 1440w\" sizes=\"(max-width: 640px) 100vw, 640px\" \/><\/p>\n<p>\u201eMi smo i do sada \u010distili divlje deponije i \u010disti\u0107emo ih. Plan je da tokom zime uradimo detaljno mapiranje divljih deponija po celoj teritoriji op\u0161tine Svilajnac i da slede\u0107e godine odvojimo zna\u010dajna sredstva u bud\u017eetu za njihovo \u010di\u0161\u0107enje. Konkretno za saniranje ove deponije u Dublju Op\u0161tina \u0107e anga\u017eovati ma\u0161ine da se teren potpuno o\u010disti, a za dalje \u0107e se uklju\u010diti i mesne zajednice\u201c \u2013 izjavio je Milanovi\u0107 i najavio uvo\u0111enje stroge kaznene politike:<\/p>\n<p>\u201eKomunalna milicija pisa\u0107e kazne za neporpisno odlaganje otpada i sme\u0107a, i to ne\u0107e biti male kazne, jer je neophodno da se re\u0161i problem divljih deponija i da se to dovede u red. Divlje deponije nisu samo ru\u017ene, nego i izuzetno nezdrave, zaga\u0111uju zemlji\u0161te, vodu, vazduh, celokupnu okolinu\u201c \u2013 rekao je Milanovi\u0107 i jo\u0161 jednom istakao da je re\u0161avanje problema divljih deponija\u00a0 jedan od prioriteta u narednom periodu.<\/p>\n<p>Apelujemo na gra\u0111ane da se odgovorno pona\u0161aju, ne bacaju otpad u prirodu i na divlje deponije, ve\u0107 u kontejnere, pet ambala\u017eu u \u017eute kontejnere predvi\u0111ene samo za to, a za odlaganje krupnog otpada mogu se javiti KJP \u201eMorava\u201c Svilajnac koji \u0107e im omogu\u0107iti odlaganje otpada na mesto predvi\u0111eno za to.<\/p>\n","protected":false},"excerpt":{"rendered":"<p>&nbsp; SVILAJNAC-Predsednik op\u0161tine Svilajnac Predrag Milanovi\u0107 obi\u0161ao je danas divlju deponiju u ataru sela Dublje, gde je najavio kompletno \u010di\u0161\u0107enje ove deponije u narednih deset &hellip; <\/p>\n","protected":false},"author":2,"featured_media":36730,"comment_status":"open","ping_status":"open","sticky":false,"template":"","format":"standard","meta":{"footnotes":""},"categories":[1524,2,887,16,12,1517,5785],"tags":[2185,38],"_links":{"self":[{"href":"https:\/\/centralmedia.rs\/index.php\/wp-json\/wp\/v2\/posts\/36729"}],"collection":[{"href":"https:\/\/centralmedia.rs\/index.php\/wp-json\/wp\/v2\/posts"}],"about":[{"href":"https:\/\/centralmedia.rs\/index.php\/wp-json\/wp\/v2\/types\/post"}],"author":[{"embeddable":true,"href":"https:\/\/centralmedia.rs\/index.php\/wp-json\/wp\/v2\/users\/2"}],"replies":[{"embeddable":true,"href":"https:\/\/centralmedia.rs\/index.php\/wp-json\/wp\/v2\/comments?post=36729"}],"version-history":[{"count":1,"href":"https:\/\/centralmedia.rs\/index.php\/wp-json\/wp\/v2\/posts\/36729\/revisions"}],"predecessor-version":[{"id":36732,"href":"https:\/\/centralmedia.rs\/index.php\/wp-json\/wp\/v2\/posts\/36729\/revisions\/36732"}],"wp:featuredmedia":[{"embeddable":true,"href":"https:\/\/centralmedia.rs\/index.php\/wp-json\/wp\/v2\/media\/36730"}],"wp:attachment":[{"href":"https:\/\/centralmedia.rs\/index.php\/wp-json\/wp\/v2\/media?parent=36729"}],"wp:term":[{"taxonomy":"category","embeddable":true,"href":"https:\/\/centralmedia.rs\/index.php\/wp-json\/wp\/v2\/categories?post=36729"},{"taxonomy":"post_tag","embeddable":true,"href":"https:\/\/centralmedia.rs\/index.php\/wp-json\/wp\/v2\/tags?post=36729"}],"curies":[{"name":"wp","href":"https:\/\/api.w.org\/{rel}","templated":true}]}}