{"id":36744,"date":"2023-10-27T13:18:24","date_gmt":"2023-10-27T11:18:24","guid":{"rendered":"http:\/\/centralmedia.rs\/?p=36744"},"modified":"2023-11-02T10:24:40","modified_gmt":"2023-11-02T09:24:40","slug":"obelezena-105-godisnjica-oslobodenja-svilajnca-u-prvom-svetskom-ratu","status":"publish","type":"post","link":"https:\/\/centralmedia.rs\/index.php\/2023\/10\/27\/obelezena-105-godisnjica-oslobodenja-svilajnca-u-prvom-svetskom-ratu\/","title":{"rendered":"OBELE\u017dENA 105. GODI\u0160NjICA OSLOBO\u0110ENjA SVILAJNCA U PRVOM SVETSKOM RATU"},"content":{"rendered":"<p>&nbsp;<\/p>\n<p>SVILAJNAC- Polaganjem venaca na Spomenik Mare Resavkinje, obele\u017een je Dan oslobo\u0111enja Svilajnca, koji je u Prvom svetskom ratu oslobo\u0111en 27. oktobra 1918. godine. Tog dana srpski i francuski vojnici proterali su deo nema\u010dke 217. divizije i u\u0161li u grad.<\/p>\n<div id='gallery-1' class='gallery galleryid-36744 gallery-columns-3 gallery-size-thumbnail'><figure class='gallery-item'>\n\t\t\t<div class='gallery-icon landscape'>\n\t\t\t\t<a href='https:\/\/centralmedia.rs\/index.php\/2023\/10\/27\/obelezena-105-godisnjica-oslobodenja-svilajnca-u-prvom-svetskom-ratu\/prvi-svetski-rat1\/'><img loading=\"lazy\" decoding=\"async\" width=\"150\" height=\"150\" src=\"https:\/\/centralmedia.rs\/wp-content\/uploads\/2023\/10\/prvi-svetski-rat1-150x150.jpg\" class=\"attachment-thumbnail size-thumbnail\" alt=\"\" \/><\/a>\n\t\t\t<\/div><\/figure><figure class='gallery-item'>\n\t\t\t<div class='gallery-icon landscape'>\n\t\t\t\t<a href='https:\/\/centralmedia.rs\/index.php\/2023\/10\/27\/obelezena-105-godisnjica-oslobodenja-svilajnca-u-prvom-svetskom-ratu\/prvi-svetski-rat2\/'><img loading=\"lazy\" decoding=\"async\" width=\"150\" height=\"150\" src=\"https:\/\/centralmedia.rs\/wp-content\/uploads\/2023\/10\/prvi-svetski-rat2-150x150.jpg\" class=\"attachment-thumbnail size-thumbnail\" alt=\"\" \/><\/a>\n\t\t\t<\/div><\/figure><figure class='gallery-item'>\n\t\t\t<div class='gallery-icon landscape'>\n\t\t\t\t<a href='https:\/\/centralmedia.rs\/index.php\/2023\/10\/27\/obelezena-105-godisnjica-oslobodenja-svilajnca-u-prvom-svetskom-ratu\/prvi-svetski-rat-2\/'><img loading=\"lazy\" decoding=\"async\" width=\"150\" height=\"150\" src=\"https:\/\/centralmedia.rs\/wp-content\/uploads\/2023\/10\/prvi-svetski-rat-150x150.jpg\" class=\"attachment-thumbnail size-thumbnail\" alt=\"\" \/><\/a>\n\t\t\t<\/div><\/figure>\n\t\t<\/div>\n\n<p>Zanimljivo je da je na isti dan 27. oktobra 1915. godine Svilajnac i okupiran.<\/p>\n<p>U osloba\u0111anju Svilajnca u Prvom svetskom ratu, kao i mnogih gradova u Srbiji, veliku ulogu je odigrala francuska vojska. Ostao je u neizbrisivom se\u0107anju ulazak generala \u0160arla Trenijea na konju ispred svoje i srpske vojske 27. oktobra 1918. godine.<\/p>\n<p>Tom prilikom u znak zahvalnosti, uru\u010dena mu je zastava, koje su ru\u010dno izradile i izvezle svilajna\u010dke devojke i koja je simbol neraskidivog prijateljstva dva naroda.<\/p>\n<p>Spomenik \u017ertvama podignut je 1926. godine. Na mermernom postamentu urezana su imena i postavljene fotografije izginulim ratnicima sa ovog podru\u010dja. U oslobodila\u010dkim ratovima od 1912. do 1918. godine poginula su 353 vojnika iz Svilajnca.<\/p>\n<p>Vence su polo\u017eili, ispred delegacije op\u0161tine Svilajnac, predsednik Skup\u0161tine op\u0161tine Svilajnac dr Darko Jevti\u0107 i dr Danijela Stojadinovi\u0107, kao i predstavnici Udru\u017eenja ratnih dobrovoljaca (1912-1918) njihovih potomaka i po\u0161tovalaca \u201eStevan Sin\u0111eli\u0107\u201c.<\/p>\n<p>Po\u010dasni predsednik Udru\u017eenja ratnih dobrovoljaca i njihovih potomaka, Nikola Stankovi\u0107 uru\u010dio je nagrade dobitnicima tradicionalnog literarnog konkursa udru\u017eenja. Ovogodi\u0161nja tema bila je \u201eOslobo\u0111enje Svilajnca u Prvom svetskom ratu\u201c, a nagrade su dobili, u kategoriji osnovnih \u0161kola:<\/p>\n<ol>\n<li>mesto: AN\u0110ELA POSTOLOVI\u0106 8\/5 razred O\u0160 \u201eJ J ZMAJ\u201c Svilajnac<\/li>\n<li>mesto: MINA \u0110UROVI\u0106 6\/4 razred O\u0160 \u201eJ J ZMAJ\u201c Svilajnac<\/li>\n<li>mesto: ANASTASIJA RADENKOVI\u0106 5\/2 razred O\u0160 \u201eBranko Radi\u010devi\u0107\u201c Sedlare<\/li>\n<\/ol>\n<p>U kategoriji srednjih \u0161kola nagra\u0111eni su:<\/p>\n<ol>\n<li>mesto: DAMJAN NIKOLI\u0106 3\/2 Poljoprivredna \u0161kola \u201eSvilajnac\u201c<\/li>\n<li>mesto: MA\u0160A MOM\u010cILOVI\u0106 2\/1 Srednja \u0161kola \u201eSvilajnac\u201c<\/li>\n<li>mesto: UNA TEOFILOVI\u0106 2\/5 Poljoprivredna \u0161kola \u201cSvilajnac\u201d.<\/li>\n<\/ol>\n","protected":false},"excerpt":{"rendered":"<p>&nbsp; SVILAJNAC- Polaganjem venaca na Spomenik Mare Resavkinje, obele\u017een je Dan oslobo\u0111enja Svilajnca, koji je u Prvom svetskom ratu oslobo\u0111en 27. oktobra 1918. godine. Tog &hellip; <\/p>\n","protected":false},"author":2,"featured_media":36745,"comment_status":"open","ping_status":"open","sticky":false,"template":"","format":"standard","meta":{"footnotes":""},"categories":[14,1524,2,887,12,1517,5785],"tags":[2431,38],"_links":{"self":[{"href":"https:\/\/centralmedia.rs\/index.php\/wp-json\/wp\/v2\/posts\/36744"}],"collection":[{"href":"https:\/\/centralmedia.rs\/index.php\/wp-json\/wp\/v2\/posts"}],"about":[{"href":"https:\/\/centralmedia.rs\/index.php\/wp-json\/wp\/v2\/types\/post"}],"author":[{"embeddable":true,"href":"https:\/\/centralmedia.rs\/index.php\/wp-json\/wp\/v2\/users\/2"}],"replies":[{"embeddable":true,"href":"https:\/\/centralmedia.rs\/index.php\/wp-json\/wp\/v2\/comments?post=36744"}],"version-history":[{"count":1,"href":"https:\/\/centralmedia.rs\/index.php\/wp-json\/wp\/v2\/posts\/36744\/revisions"}],"predecessor-version":[{"id":36748,"href":"https:\/\/centralmedia.rs\/index.php\/wp-json\/wp\/v2\/posts\/36744\/revisions\/36748"}],"wp:featuredmedia":[{"embeddable":true,"href":"https:\/\/centralmedia.rs\/index.php\/wp-json\/wp\/v2\/media\/36745"}],"wp:attachment":[{"href":"https:\/\/centralmedia.rs\/index.php\/wp-json\/wp\/v2\/media?parent=36744"}],"wp:term":[{"taxonomy":"category","embeddable":true,"href":"https:\/\/centralmedia.rs\/index.php\/wp-json\/wp\/v2\/categories?post=36744"},{"taxonomy":"post_tag","embeddable":true,"href":"https:\/\/centralmedia.rs\/index.php\/wp-json\/wp\/v2\/tags?post=36744"}],"curies":[{"name":"wp","href":"https:\/\/api.w.org\/{rel}","templated":true}]}}