{"id":36749,"date":"2023-10-26T13:43:17","date_gmt":"2023-10-26T11:43:17","guid":{"rendered":"http:\/\/centralmedia.rs\/?p=36749"},"modified":"2023-10-28T13:43:55","modified_gmt":"2023-10-28T11:43:55","slug":"starcevic-eu-da-pomogne-u-ukidanju-blokade-robe-iz-centranog-dela-srbije-na-kim-i-eu-treba-da-diplomatski-reaguje-na-uvodenje-takse-od-strane-bugarske-na-tranzit-gasa-preko-njene-teritorije","status":"publish","type":"post","link":"https:\/\/centralmedia.rs\/index.php\/2023\/10\/26\/starcevic-eu-da-pomogne-u-ukidanju-blokade-robe-iz-centranog-dela-srbije-na-kim-i-eu-treba-da-diplomatski-reaguje-na-uvodenje-takse-od-strane-bugarske-na-tranzit-gasa-preko-njene-teritorije\/","title":{"rendered":"STAR\u010cEVI\u0106 : EU DA POMOGNE U UKIDANjU BLOKADE ROBE IZ CENTRANOG DELA SRBIJE NA KiM I EU TREBA DA DIPLOMATSKI REAGUJE NA UVO\u0110ENjE TAKSE OD STRANE BUGARSKE NA TRANZIT GASA PREKO NjENE TERITORIJE"},"content":{"rendered":"<p>&nbsp;<\/p>\n<p>\u201cRepublici Srbiji bi bila dragocena diplomatska pomo\u0107 Evropske uniju za ukidanje blokade otpreme robe iz centralnog cela Republike Srbije u Autonmnu pokrajinu Republike Srbije Kosovo i Metohija, koju je uvela privremena institucija samouprave u Pri\u0161tini 14. juna 2023. godine. Zatra\u017eeno je ukidanje ove mere, a o blokadi, \u0161tetnim posledicama i pona\u0161anju protivnom evropskom duhu i vrednostima, obave\u0161tene su sve CEFTA strane, Evropska komisija, sve \u010dlanice Evropske unije, SAD i Velika Britanija, ali jo\u0161 nema rezultata. Pored ovih barijera, susedna Bugarska, \u010dlanica Evripske unije, je donela odluku o uvo\u0111enju dodatne takse na tranzit gasa preko njene teritorije, \u0161to je u suprotnosti sa me\u0111unarodnim ugovorima i u \u010demu Evropska unija tako\u0111e treba diplomatski da reaguje\u201d, izjavio je zamenik \u0161efa poslani\u010dke grupe Jedinstvene Srbije u Skup\u0161tini Srbije \u017divota Star\u010devi\u0107 u Madridu na Interparlamentatnoj konferenciji o stabilnosti, ekonomskoj koordinaciji i upravljanju u Evropskoj uniji. Star\u010devi\u0107 je rekao da je strate\u0161ki cilj Republike Srbije \u010dlanstvo u Evropskoj uniji i u tom cilju Republika Srbija prati politike i uskla\u0111uje svoje propise sa evropskim, jer je to najsigurniji put da se unaprede politi\u010dki odnosi i me\u0111usobna razmena roba, iskustava i ostvari\u00a0 demokratski i tehnolo\u0161ki napredak.<\/p>\n","protected":false},"excerpt":{"rendered":"<p>&nbsp; \u201cRepublici Srbiji bi bila dragocena diplomatska pomo\u0107 Evropske uniju za ukidanje blokade otpreme robe iz centralnog cela Republike Srbije u Autonmnu pokrajinu Republike Srbije &hellip; <\/p>\n","protected":false},"author":2,"featured_media":36750,"comment_status":"open","ping_status":"open","sticky":false,"template":"","format":"standard","meta":{"footnotes":""},"categories":[1524,2,1514,5643,13,887,12],"tags":[702,6359,6358],"_links":{"self":[{"href":"https:\/\/centralmedia.rs\/index.php\/wp-json\/wp\/v2\/posts\/36749"}],"collection":[{"href":"https:\/\/centralmedia.rs\/index.php\/wp-json\/wp\/v2\/posts"}],"about":[{"href":"https:\/\/centralmedia.rs\/index.php\/wp-json\/wp\/v2\/types\/post"}],"author":[{"embeddable":true,"href":"https:\/\/centralmedia.rs\/index.php\/wp-json\/wp\/v2\/users\/2"}],"replies":[{"embeddable":true,"href":"https:\/\/centralmedia.rs\/index.php\/wp-json\/wp\/v2\/comments?post=36749"}],"version-history":[{"count":1,"href":"https:\/\/centralmedia.rs\/index.php\/wp-json\/wp\/v2\/posts\/36749\/revisions"}],"predecessor-version":[{"id":36751,"href":"https:\/\/centralmedia.rs\/index.php\/wp-json\/wp\/v2\/posts\/36749\/revisions\/36751"}],"wp:featuredmedia":[{"embeddable":true,"href":"https:\/\/centralmedia.rs\/index.php\/wp-json\/wp\/v2\/media\/36750"}],"wp:attachment":[{"href":"https:\/\/centralmedia.rs\/index.php\/wp-json\/wp\/v2\/media?parent=36749"}],"wp:term":[{"taxonomy":"category","embeddable":true,"href":"https:\/\/centralmedia.rs\/index.php\/wp-json\/wp\/v2\/categories?post=36749"},{"taxonomy":"post_tag","embeddable":true,"href":"https:\/\/centralmedia.rs\/index.php\/wp-json\/wp\/v2\/tags?post=36749"}],"curies":[{"name":"wp","href":"https:\/\/api.w.org\/{rel}","templated":true}]}}