{"id":36752,"date":"2023-10-28T13:46:49","date_gmt":"2023-10-28T11:46:49","guid":{"rendered":"http:\/\/centralmedia.rs\/?p=36752"},"modified":"2023-11-02T10:25:07","modified_gmt":"2023-11-02T09:25:07","slug":"palma-jedinstvena-srbija-na-parlamentarne-izbore-izlazi-sa-socijalistickom-partijom-srbije","status":"publish","type":"post","link":"https:\/\/centralmedia.rs\/index.php\/2023\/10\/28\/palma-jedinstvena-srbija-na-parlamentarne-izbore-izlazi-sa-socijalistickom-partijom-srbije\/","title":{"rendered":"PALMA : JEDINSTVENA SRBIJA NA PARLAMENTARNE IZBORE IZLAZI SA SOCIJALISTI\u010cKOM PARTIJOM SRBIJE"},"content":{"rendered":"<p>&nbsp;<\/p>\n<p>JAGODINA-\u201cJedinstvena Srbija \u0107e na predstoje\u0107e parlamentarne izbore u Srbiji 17. decembra iza\u0107i u koaliciji sa Socijalisti\u010dkom partijom Srbije. To je na\u0161a bratska partija \u010diji je predsednik Ivica Da\u010di\u0107, koji je mnogo toga uradio za Srbiju\u201d, izjavio je predsednik Jedinstvene Srbije Dragan Markovi\u0107 Palma na skupu omladine Jedinstvene Srbije Gradskog odbora Jedinstvene Srbije u Jagodini, koji je odr\u017ean u jagodinskom Centru za kulturu, a prisutvovalo je preko 500 omladinaca Jedinstvene Srbije iz Jagodine. \u201cKoalicija SPS \u2013 Jedinstvena Srbija je politi\u010dki fenomen u Srbiji kao najdugove\u010dnija koalicija u istoriji parlamentarizma u Srbiji. 16 godina smo zajedno, a da se nismo posva\u0111ali ni oko \u010dega. To zna\u010di da smo iskreni, da nismo sujetni, da po\u0161tujemo dogovor i da sve \u0161to radimo ne radimo zbog funkcija niti zbog kvota, ko \u0107e koliko i kojih mesta dobiti na listi, ve\u0107 zbog boljeg sutra gra\u0111ana Srbije\u201d, kazao je Markovi\u0107. \u201cJedinstvena Srbija se bori za bolju budu\u0107nost, a ne za bolju pro\u0161lost, posebno za bolju budu\u0107nost mladih ljudi. To je smisao \u017eivota. U politici, kao i u \u017eivotu, mora\u0161 da ima\u0161 rezultat i da je taj rezultat vidljiv. Sada bi neki iz opozicije da se vrate na vlast, a kada su bili na vlasti opusto\u0161li su Jagodinu i Srbiju. I ka\u017eu: \u201dmi bi da se vratimo\u201c, a gde da se vratite \u201cu \u0161ljivar\u201d. Ti bi se vratio, ali \u0161ta su tvoja dela, a dela tih opozicionara kada su bili na vlasti su opusto\u0161eni i grad Jagodina, sva sela i sva javna preduze\u0107a i cela Srbija. U njihovo vreme bud\u017eet grada Jagodine bio je 3 miliona evra, a danas 30 miliona evra\u201d. kazao je Markovi\u0107 i poru\u010dio omladini Jedinstvene Srbije da iza\u0111u na izbore i da sa ponosom zaokru\u017ee koaliciju SPS \u2013 Jedinstvena Srbija.<\/p>\n<div id='gallery-1' class='gallery galleryid-36752 gallery-columns-3 gallery-size-thumbnail'><figure class='gallery-item'>\n\t\t\t<div class='gallery-icon landscape'>\n\t\t\t\t<a href='https:\/\/centralmedia.rs\/index.php\/2023\/10\/28\/palma-jedinstvena-srbija-na-parlamentarne-izbore-izlazi-sa-socijalistickom-partijom-srbije\/js-go\/'><img loading=\"lazy\" decoding=\"async\" width=\"150\" height=\"150\" src=\"https:\/\/centralmedia.rs\/wp-content\/uploads\/2023\/10\/js-go-150x150.jpg\" class=\"attachment-thumbnail size-thumbnail\" alt=\"\" \/><\/a>\n\t\t\t<\/div><\/figure><figure class='gallery-item'>\n\t\t\t<div class='gallery-icon landscape'>\n\t\t\t\t<a href='https:\/\/centralmedia.rs\/index.php\/2023\/10\/28\/palma-jedinstvena-srbija-na-parlamentarne-izbore-izlazi-sa-socijalistickom-partijom-srbije\/js-mladi\/'><img loading=\"lazy\" decoding=\"async\" width=\"150\" height=\"150\" src=\"https:\/\/centralmedia.rs\/wp-content\/uploads\/2023\/10\/js-mladi-150x150.jpg\" class=\"attachment-thumbnail size-thumbnail\" alt=\"\" \/><\/a>\n\t\t\t<\/div><\/figure><figure class='gallery-item'>\n\t\t\t<div class='gallery-icon landscape'>\n\t\t\t\t<a href='https:\/\/centralmedia.rs\/index.php\/2023\/10\/28\/palma-jedinstvena-srbija-na-parlamentarne-izbore-izlazi-sa-socijalistickom-partijom-srbije\/js-mladi1\/'><img loading=\"lazy\" decoding=\"async\" width=\"150\" height=\"150\" src=\"https:\/\/centralmedia.rs\/wp-content\/uploads\/2023\/10\/js-mladi1-150x150.jpg\" class=\"attachment-thumbnail size-thumbnail\" alt=\"\" \/><\/a>\n\t\t\t<\/div><\/figure>\n\t\t<\/div>\n\n<p>NA LOKALNE I POKRAJINSKE IZBORE TAKO\u0110E SA SPS<\/p>\n<p>U Jagodini je odr\u017ean i sastanak rukovodstva Jedinstvene Srbije sa predsednicima 67 gradskih i op\u0161tinskih odbora Jedinstvene Srbije iz gradova i op\u0161tina gde \u0107e 17. decembra biti odr\u017eani i lokalni izbori kao i sa rukovodstvom Pokrajinskog odbora Jedinstvene Srbije za Autonomnu pokrajinu Vojvodinu. \u201cPoznat je stav Jedinstvene Srbije da na\u0161i pokrajinski, gradski i op\u0161tinski odbori imaju autonomiju u odlu\u010divanju kako \u0107e iza\u0107i na lokalne i pokrajinske izbore. Ono \u0161to je moj poziv, poziv rukovodstva Jedinstvene Srbije, a znam da je to i poziv predsednika SPS Ivice Da\u010di\u0107a, da svuda na izbore zajedno iza\u0111u Jedinstvena Srbija i Socijalisti\u010dka partija Srbije, osim u slu\u010daju gde op\u0161tinski ili gradski odbori na\u0161ih stranaka smatraju da bi mogli vi\u0161e glasova da dobiju na odvojenim listama. Ja mislim da svuda treba da iza\u0111emo zajedno kao i na parlamentarnim izborima\u201d, izjavio je na ovom sastanku predsednik Jedinstvene Srbije Dragan Markovi\u0107 Palma<\/p>\n","protected":false},"excerpt":{"rendered":"<p>&nbsp; JAGODINA-\u201cJedinstvena Srbija \u0107e na predstoje\u0107e parlamentarne izbore u Srbiji 17. decembra iza\u0107i u koaliciji sa Socijalisti\u010dkom partijom Srbije. To je na\u0161a bratska partija \u010diji &hellip; <\/p>\n","protected":false},"author":2,"featured_media":36753,"comment_status":"open","ping_status":"open","sticky":false,"template":"","format":"standard","meta":{"footnotes":""},"categories":[1524,2,5643,1514,13,887,12],"tags":[643,702,120,406],"_links":{"self":[{"href":"https:\/\/centralmedia.rs\/index.php\/wp-json\/wp\/v2\/posts\/36752"}],"collection":[{"href":"https:\/\/centralmedia.rs\/index.php\/wp-json\/wp\/v2\/posts"}],"about":[{"href":"https:\/\/centralmedia.rs\/index.php\/wp-json\/wp\/v2\/types\/post"}],"author":[{"embeddable":true,"href":"https:\/\/centralmedia.rs\/index.php\/wp-json\/wp\/v2\/users\/2"}],"replies":[{"embeddable":true,"href":"https:\/\/centralmedia.rs\/index.php\/wp-json\/wp\/v2\/comments?post=36752"}],"version-history":[{"count":1,"href":"https:\/\/centralmedia.rs\/index.php\/wp-json\/wp\/v2\/posts\/36752\/revisions"}],"predecessor-version":[{"id":36757,"href":"https:\/\/centralmedia.rs\/index.php\/wp-json\/wp\/v2\/posts\/36752\/revisions\/36757"}],"wp:featuredmedia":[{"embeddable":true,"href":"https:\/\/centralmedia.rs\/index.php\/wp-json\/wp\/v2\/media\/36753"}],"wp:attachment":[{"href":"https:\/\/centralmedia.rs\/index.php\/wp-json\/wp\/v2\/media?parent=36752"}],"wp:term":[{"taxonomy":"category","embeddable":true,"href":"https:\/\/centralmedia.rs\/index.php\/wp-json\/wp\/v2\/categories?post=36752"},{"taxonomy":"post_tag","embeddable":true,"href":"https:\/\/centralmedia.rs\/index.php\/wp-json\/wp\/v2\/tags?post=36752"}],"curies":[{"name":"wp","href":"https:\/\/api.w.org\/{rel}","templated":true}]}}