{"id":36764,"date":"2023-10-30T19:45:56","date_gmt":"2023-10-30T18:45:56","guid":{"rendered":"http:\/\/centralmedia.rs\/?p=36764"},"modified":"2023-11-02T10:25:25","modified_gmt":"2023-11-02T09:25:25","slug":"bunt-izlazi-na-izbore-sa-zavetnicima-i-dverima","status":"publish","type":"post","link":"https:\/\/centralmedia.rs\/index.php\/2023\/10\/30\/bunt-izlazi-na-izbore-sa-zavetnicima-i-dverima\/","title":{"rendered":"BUNT IZLAZI NA IZBORE SA ZAVETNICIMA I DVERIMA"},"content":{"rendered":"<p>&nbsp;<\/p>\n<p>BUNT &#8211; Prava Srbija izlazi na izbore 17. decembra sa Zavetnicima i Dverima, izjavio je predsednik te partije Du\u0161an Markovi\u0107. U sali Kulturnog centra u Jagodini odr\u017ean prvi kongres najmla\u0111e politi\u010dke stranke u Srbiji, BUNT &#8211; Prave Srbije. Jednoglasnom odlukom delegata za predsednika stranke izabran je Du\u0161an Markovi\u0107, ina\u010de odbornik u Skup\u0161tini grada Jagodine. Nakon izbora na mesto predsednika BUNT &#8211; Prave Srbije, Markovi\u0107 je poru\u010dio:<\/p>\n<p>&#8220;Jedanaest godina besomu\u010dne borbe u kojima smo svojim delima gradili i izgradili BUNT &#8211; Pravu Srbiju. Godinama unazad nas svi svojataju i govore kako smo plod ovih ili onih, a mi smo pokazali ovom prepunom salom da smo svoji i da pripadamo samo gra\u0111anima Republike Srbije. Nastali smo na Svetosavskom, Kosovskom i Ravnogorskom zavetu i kao takvi ne\u0107emo dozvoliti doma\u0107im izdajnicim i okupatorskoj \u010dizmi da nam otima Kosovo i Metohiju. Brani\u0107emo vitalne nacionalne interese kao na\u0161i slavni preci. Govore nam da se \u017eivi dobro, a svi znamo da nije tako. Dovode nam strane investicije sa pri\u010dom da svi \u017eele da ula\u017eu kod nas, a mi dobro znamo da je to samo zbog jeftine radne snage. Uni\u0161tili su srpsku poljoprivredu i sto\u010darstvo i tako nezavisnog srpskog doma\u0107ina, srpskog seljaka stavili na rub egzistencije. Ovo propadanje i razaranje na\u0161e majke Srbije zaustavi\u0107emo na izborima 17. decembara. Mi \u0107emo na izborima podr\u017eati nacionalno ujedinjenje, jer smo uvereni da budu\u0107i \u0161ef srpske dr\u017eave treba da bude \u017eena borac, majka i \u010duvar Kosovskog zaveta, na\u0161a sestra Milica \u0110ur\u0111evi\u0107 Stamenkovski. Zahvalan sam svojim saborcima i delegatima dana\u0161njeg kongresa koji su mi ukazali poverenje i dali podstrek da nastavimo borbu na koju smo se zavetovali. \u017divela Srbija!&#8221;<\/p>\n<div id='gallery-1' class='gallery galleryid-36764 gallery-columns-3 gallery-size-thumbnail'><figure class='gallery-item'>\n\t\t\t<div class='gallery-icon landscape'>\n\t\t\t\t<a href='https:\/\/centralmedia.rs\/index.php\/2023\/10\/30\/bunt-izlazi-na-izbore-sa-zavetnicima-i-dverima\/bunt-4\/'><img loading=\"lazy\" decoding=\"async\" width=\"150\" height=\"150\" src=\"https:\/\/centralmedia.rs\/wp-content\/uploads\/2023\/10\/bunt-150x150.jpg\" class=\"attachment-thumbnail size-thumbnail\" alt=\"\" \/><\/a>\n\t\t\t<\/div><\/figure><figure class='gallery-item'>\n\t\t\t<div class='gallery-icon landscape'>\n\t\t\t\t<a href='https:\/\/centralmedia.rs\/index.php\/2023\/10\/30\/bunt-izlazi-na-izbore-sa-zavetnicima-i-dverima\/bunt2-2\/'><img loading=\"lazy\" decoding=\"async\" width=\"150\" height=\"150\" src=\"https:\/\/centralmedia.rs\/wp-content\/uploads\/2023\/10\/bunt2-150x150.jpg\" class=\"attachment-thumbnail size-thumbnail\" alt=\"\" \/><\/a>\n\t\t\t<\/div><\/figure><figure class='gallery-item'>\n\t\t\t<div class='gallery-icon landscape'>\n\t\t\t\t<a href='https:\/\/centralmedia.rs\/index.php\/2023\/10\/30\/bunt-izlazi-na-izbore-sa-zavetnicima-i-dverima\/bunt3\/'><img loading=\"lazy\" decoding=\"async\" width=\"150\" height=\"150\" src=\"https:\/\/centralmedia.rs\/wp-content\/uploads\/2023\/10\/bunt3-150x150.jpg\" class=\"attachment-thumbnail size-thumbnail\" alt=\"\" \/><\/a>\n\t\t\t<\/div><\/figure>\n\t\t<\/div>\n\n<p>Na kongresu je od 520 delegata bilo prisutno 502 tako da je kongres imao kvorum za punova\u017eno odlu\u010divanje. Radnim predsedni\u0161tvom predsedavao je dr Milo\u0161 Stojanovi\u0107. Dnevni red Kongresa bio je izbor \u010dlanova izvr\u0161nog odbora, izbor potpredsednika stranke, izbor zamenika predsednika stranke i izbor predsednika stranke.Za zamenika predsednika izabran je Aleksandar Raci\u0107, dok su za potpredsednike stranke izabrani Nikola Ostoji\u0107 diplomirani pravnik iz Ni\u0161a i Milo\u0161 Simi\u0107 iz Smedereva.Pored delegata, kongresu su prisustvovali eminentni gosti i prijatelji BUNT &#8211; Prave Srbije, Narodni poslanici Srpske stranke Zavetnici kao i njihovi istaknuti \u010dlanovi, istaknuti \u010dlanovi Srpskog pokreta Dveri, predstavnici\u00a0 udru\u017eenja Bojevo Bratstvo, Srce Heroja, Ravnogorskog pokreta, Srpsko ruskog pokreta i Kolicije raseljenih sa Kosova i Metohije.Iz opravdanih razloga kongresu nije prisustvovala predsednica Srpske stranke Zavetnici, Milica \u0110ur\u0111evi\u0107 Stamenkovski, ali je poslala pismo podr\u0161ke koje je pro\u010ditano na kongresu. Kongresu se obratio Narodni poslanik Srpske stranke Zavetnici i visoki funkcioner ove stranke Strahinja Erac iz Kraljeva.Putem video linka podr\u0161ku BUNT &#8211; Pravoj Srbiji iz Crne Gore dao je Vladislav Dajkovi\u0107, lider Slobodne Crne Gore i jedan od istaknutih boraca protiv re\u017eima Mila \u0110ukanovi\u0107a.<\/p>\n<p>Nastuio je narodni guslar Milan Jovanovi\u0107.<\/p>\n<p>&nbsp;<\/p>\n","protected":false},"excerpt":{"rendered":"<p>&nbsp; BUNT &#8211; Prava Srbija izlazi na izbore 17. decembra sa Zavetnicima i Dverima, izjavio je predsednik te partije Du\u0161an Markovi\u0107. U sali Kulturnog centra &hellip; <\/p>\n","protected":false},"author":2,"featured_media":36765,"comment_status":"open","ping_status":"open","sticky":false,"template":"","format":"standard","meta":{"footnotes":""},"categories":[1524,2,1514,5643,13,887,12],"tags":[6097,4729,514,6361],"_links":{"self":[{"href":"https:\/\/centralmedia.rs\/index.php\/wp-json\/wp\/v2\/posts\/36764"}],"collection":[{"href":"https:\/\/centralmedia.rs\/index.php\/wp-json\/wp\/v2\/posts"}],"about":[{"href":"https:\/\/centralmedia.rs\/index.php\/wp-json\/wp\/v2\/types\/post"}],"author":[{"embeddable":true,"href":"https:\/\/centralmedia.rs\/index.php\/wp-json\/wp\/v2\/users\/2"}],"replies":[{"embeddable":true,"href":"https:\/\/centralmedia.rs\/index.php\/wp-json\/wp\/v2\/comments?post=36764"}],"version-history":[{"count":1,"href":"https:\/\/centralmedia.rs\/index.php\/wp-json\/wp\/v2\/posts\/36764\/revisions"}],"predecessor-version":[{"id":36769,"href":"https:\/\/centralmedia.rs\/index.php\/wp-json\/wp\/v2\/posts\/36764\/revisions\/36769"}],"wp:featuredmedia":[{"embeddable":true,"href":"https:\/\/centralmedia.rs\/index.php\/wp-json\/wp\/v2\/media\/36765"}],"wp:attachment":[{"href":"https:\/\/centralmedia.rs\/index.php\/wp-json\/wp\/v2\/media?parent=36764"}],"wp:term":[{"taxonomy":"category","embeddable":true,"href":"https:\/\/centralmedia.rs\/index.php\/wp-json\/wp\/v2\/categories?post=36764"},{"taxonomy":"post_tag","embeddable":true,"href":"https:\/\/centralmedia.rs\/index.php\/wp-json\/wp\/v2\/tags?post=36764"}],"curies":[{"name":"wp","href":"https:\/\/api.w.org\/{rel}","templated":true}]}}