{"id":36794,"date":"2023-11-02T10:09:57","date_gmt":"2023-11-02T09:09:57","guid":{"rendered":"http:\/\/centralmedia.rs\/?p=36794"},"modified":"2023-11-08T19:38:48","modified_gmt":"2023-11-08T18:38:48","slug":"dacic-palma-i-ivan-karic-potpisali-koalicioni-sporazum-za-parlamentarne-i-beogradske-izbore","status":"publish","type":"post","link":"https:\/\/centralmedia.rs\/index.php\/2023\/11\/02\/dacic-palma-i-ivan-karic-potpisali-koalicioni-sporazum-za-parlamentarne-i-beogradske-izbore\/","title":{"rendered":"DA\u010cI\u0106, PALMA I IVAN KARI\u0106 POTPISALI KOALICIONI SPORAZUM ZA PARLAMENTARNE I BEOGRADSKE IZBORE"},"content":{"rendered":"<p>&nbsp;<\/p>\n<p>U sedi\u0161tu Socijalisti\u010dke partije Srbije u Beogradu, potpis na koalicioni sporazum za vanredne parlamentarne izbore stavili su predsednik SPS Ivica Da\u010di\u0107, predsednik Jedinstvene Srbije Dragan Markovi\u0107 Palma i predsednik stranke Zeleni Srbije Ivan Kari\u0107. Zajedni\u010dka lista nosi\u0107e naziv &#8220;Ivica Da\u010di\u0107 &#8211; premijer Srbije&#8221;. Ivica Da\u010di\u0107, Dragan Markovi\u0107 Palma i Ivan Kari\u0107 potpisali su koalicioni sporazum i za beogradske izbore, a zajedni\u010dki kandidat za gradona\u010delnika bi\u0107e Toma Fila.<\/p>\n","protected":false},"excerpt":{"rendered":"<p>&nbsp; U sedi\u0161tu Socijalisti\u010dke partije Srbije u Beogradu, potpis na koalicioni sporazum za vanredne parlamentarne izbore stavili su predsednik SPS Ivica Da\u010di\u0107, predsednik Jedinstvene Srbije &hellip; <\/p>\n","protected":false},"author":2,"featured_media":36795,"comment_status":"open","ping_status":"open","sticky":false,"template":"","format":"standard","meta":{"footnotes":""},"categories":[1524,2,1514,5643,13,887,12],"tags":[393,702,120,406],"_links":{"self":[{"href":"https:\/\/centralmedia.rs\/index.php\/wp-json\/wp\/v2\/posts\/36794"}],"collection":[{"href":"https:\/\/centralmedia.rs\/index.php\/wp-json\/wp\/v2\/posts"}],"about":[{"href":"https:\/\/centralmedia.rs\/index.php\/wp-json\/wp\/v2\/types\/post"}],"author":[{"embeddable":true,"href":"https:\/\/centralmedia.rs\/index.php\/wp-json\/wp\/v2\/users\/2"}],"replies":[{"embeddable":true,"href":"https:\/\/centralmedia.rs\/index.php\/wp-json\/wp\/v2\/comments?post=36794"}],"version-history":[{"count":1,"href":"https:\/\/centralmedia.rs\/index.php\/wp-json\/wp\/v2\/posts\/36794\/revisions"}],"predecessor-version":[{"id":36796,"href":"https:\/\/centralmedia.rs\/index.php\/wp-json\/wp\/v2\/posts\/36794\/revisions\/36796"}],"wp:featuredmedia":[{"embeddable":true,"href":"https:\/\/centralmedia.rs\/index.php\/wp-json\/wp\/v2\/media\/36795"}],"wp:attachment":[{"href":"https:\/\/centralmedia.rs\/index.php\/wp-json\/wp\/v2\/media?parent=36794"}],"wp:term":[{"taxonomy":"category","embeddable":true,"href":"https:\/\/centralmedia.rs\/index.php\/wp-json\/wp\/v2\/categories?post=36794"},{"taxonomy":"post_tag","embeddable":true,"href":"https:\/\/centralmedia.rs\/index.php\/wp-json\/wp\/v2\/tags?post=36794"}],"curies":[{"name":"wp","href":"https:\/\/api.w.org\/{rel}","templated":true}]}}