{"id":36797,"date":"2023-11-02T10:23:53","date_gmt":"2023-11-02T09:23:53","guid":{"rendered":"http:\/\/centralmedia.rs\/?p=36797"},"modified":"2023-11-08T19:38:40","modified_gmt":"2023-11-08T18:38:40","slug":"uskoro-nove-obuke-za-hraniteljske-porodice","status":"publish","type":"post","link":"https:\/\/centralmedia.rs\/index.php\/2023\/11\/02\/uskoro-nove-obuke-za-hraniteljske-porodice\/","title":{"rendered":"USKORO NOVE OBUKE ZA HRANITELjSKE PORODICE"},"content":{"rendered":"<p>&nbsp;<\/p>\n<p>Polaze\u0107i od potrebe za unapre\u0111enjem porodi\u010dnog sme\u0161taja za decu i mlade, Ministarstvo za brigu o porodici i demografiju u partnerstvu sa UNICEF- om i Gradskim centrom za socijalni rad u Jagodini u narednom periodu sprovodi\u0107e kampanju u cilju regrutovanja novih hraniteljskih porodica na teriroriji na\u0161eg grada.<\/p>\n<p>Hraniteljstvo je privremena mera porodi\u010dno- pravne i socijalne za\u0161tite dece bez roditeljskog staranja. To je odnos koji po snazi i emocionalnoj razmeni odgovora odnosu dete- roditelj i predstavlja alternativni oblik za\u0161tite.<\/p>\n<p>Gradski centar za socijalni rad u Jagodini poziva sve zaintresovane porodice i pojednice koji ispunjavaju socio- ekonomske uslove da se prijave kao potencijalni hranitelji.<\/p>\n<p>Kako bi gra\u0111anima pribli\u017eili karakteristike ove usluge i potrebne uslove za bavljenje hraniteljstvom Gradski centar za socijalni rad u Jagodini \u0107e u narednom periodu organizovati \u201eOtvoreni dan\u201c svakog poslednjeg petka u mesecu u Plavoj sali Gradskog centra za socijalni rad u Jagodini, ul. Ru\u017eice Milanovi\u0107 br. 1, u vremenu od 9 do 12 h. Svi zaintresovani gra\u0111ani mo\u0107i \u0107e da na licu mesta od stru\u010dnih radnika saznaju sve neophodne informacije o hraniteljstvu i dobiju smernice o proceduri podno\u0161enja zahteva za bavljenje hraniteljstvom. Pojedinci i porodice sa teritorije na\u0161eg grada koji se budu odlu\u010dili da u\u010destvuju u obuci pro\u0107i \u0107e detaljnu proveru i procenu.<\/p>\n","protected":false},"excerpt":{"rendered":"<p>&nbsp; Polaze\u0107i od potrebe za unapre\u0111enjem porodi\u010dnog sme\u0161taja za decu i mlade, Ministarstvo za brigu o porodici i demografiju u partnerstvu sa UNICEF- om i &hellip; <\/p>\n","protected":false},"author":2,"featured_media":36798,"comment_status":"open","ping_status":"open","sticky":false,"template":"","format":"standard","meta":{"footnotes":""},"categories":[14,1524,2,1514,5643,887,12],"tags":[6365,6366],"_links":{"self":[{"href":"https:\/\/centralmedia.rs\/index.php\/wp-json\/wp\/v2\/posts\/36797"}],"collection":[{"href":"https:\/\/centralmedia.rs\/index.php\/wp-json\/wp\/v2\/posts"}],"about":[{"href":"https:\/\/centralmedia.rs\/index.php\/wp-json\/wp\/v2\/types\/post"}],"author":[{"embeddable":true,"href":"https:\/\/centralmedia.rs\/index.php\/wp-json\/wp\/v2\/users\/2"}],"replies":[{"embeddable":true,"href":"https:\/\/centralmedia.rs\/index.php\/wp-json\/wp\/v2\/comments?post=36797"}],"version-history":[{"count":1,"href":"https:\/\/centralmedia.rs\/index.php\/wp-json\/wp\/v2\/posts\/36797\/revisions"}],"predecessor-version":[{"id":36799,"href":"https:\/\/centralmedia.rs\/index.php\/wp-json\/wp\/v2\/posts\/36797\/revisions\/36799"}],"wp:featuredmedia":[{"embeddable":true,"href":"https:\/\/centralmedia.rs\/index.php\/wp-json\/wp\/v2\/media\/36798"}],"wp:attachment":[{"href":"https:\/\/centralmedia.rs\/index.php\/wp-json\/wp\/v2\/media?parent=36797"}],"wp:term":[{"taxonomy":"category","embeddable":true,"href":"https:\/\/centralmedia.rs\/index.php\/wp-json\/wp\/v2\/categories?post=36797"},{"taxonomy":"post_tag","embeddable":true,"href":"https:\/\/centralmedia.rs\/index.php\/wp-json\/wp\/v2\/tags?post=36797"}],"curies":[{"name":"wp","href":"https:\/\/api.w.org\/{rel}","templated":true}]}}