{"id":36803,"date":"2023-11-04T13:02:10","date_gmt":"2023-11-04T12:02:10","guid":{"rendered":"http:\/\/centralmedia.rs\/?p=36803"},"modified":"2023-11-13T22:27:00","modified_gmt":"2023-11-13T21:27:00","slug":"dom-kulture-u-bobovu-renoviran-uz-podrsku-eu-i-opstine-svilajnac","status":"publish","type":"post","link":"https:\/\/centralmedia.rs\/index.php\/2023\/11\/04\/dom-kulture-u-bobovu-renoviran-uz-podrsku-eu-i-opstine-svilajnac\/","title":{"rendered":"Dom kulture u Bobovu renoviran uz podr\u0161ku EU i Op\u0161tine Svilajnac"},"content":{"rendered":"<p>&nbsp;<\/p>\n<p>SVILAJNAC\u00a0&#8211; Me\u0161tani svilajna\u010dkog sela Bobovo su uz podr\u0161ku Evropske unije i op\u0161tine Svilajnac, koji su preko programa EU PRO Plus i lokalnog bud\u017eea obezbedili 35 miliona dinara, dobili rekonstruisani Dom kulture i mesto za okupljanje te bogatiji kulturni i dru\u0161tveni \u017eivot.<\/p>\n<div id='gallery-1' class='gallery galleryid-36803 gallery-columns-3 gallery-size-thumbnail'><figure class='gallery-item'>\n\t\t\t<div class='gallery-icon landscape'>\n\t\t\t\t<a href='https:\/\/centralmedia.rs\/index.php\/2023\/11\/04\/dom-kulture-u-bobovu-renoviran-uz-podrsku-eu-i-opstine-svilajnac\/bobovo1-5\/'><img loading=\"lazy\" decoding=\"async\" width=\"150\" height=\"150\" src=\"https:\/\/centralmedia.rs\/wp-content\/uploads\/2023\/11\/bobovo1-150x150.jpg\" class=\"attachment-thumbnail size-thumbnail\" alt=\"\" \/><\/a>\n\t\t\t<\/div><\/figure><figure class='gallery-item'>\n\t\t\t<div class='gallery-icon portrait'>\n\t\t\t\t<a href='https:\/\/centralmedia.rs\/index.php\/2023\/11\/04\/dom-kulture-u-bobovu-renoviran-uz-podrsku-eu-i-opstine-svilajnac\/bobovo2-4\/'><img loading=\"lazy\" decoding=\"async\" width=\"150\" height=\"150\" src=\"https:\/\/centralmedia.rs\/wp-content\/uploads\/2023\/11\/bobovo2-150x150.jpg\" class=\"attachment-thumbnail size-thumbnail\" alt=\"\" \/><\/a>\n\t\t\t<\/div><\/figure><figure class='gallery-item'>\n\t\t\t<div class='gallery-icon landscape'>\n\t\t\t\t<a href='https:\/\/centralmedia.rs\/index.php\/2023\/11\/04\/dom-kulture-u-bobovu-renoviran-uz-podrsku-eu-i-opstine-svilajnac\/bobovo-8\/'><img loading=\"lazy\" decoding=\"async\" width=\"150\" height=\"150\" src=\"https:\/\/centralmedia.rs\/wp-content\/uploads\/2023\/11\/bobovo-150x150.jpg\" class=\"attachment-thumbnail size-thumbnail\" alt=\"\" \/><\/a>\n\t\t\t<\/div><\/figure>\n\t\t<\/div>\n\n<p>-Kultura je spona koja povezuje sve nas, na\u0161e pretke i buduc\u0301e nara\u0161taje, i jedan je od najva\u017enijih principa EU. Ovaj kulturni centar je mnogo vi\u0161e od same zgrade i cigli, jer je ovo mesto koje spaja pro\u0161lost, sada\u0161njost i buduc\u0301nost i ujedno na\u010din da \u010duvamo na\u0161e kulturno nasle\u0111e\u201c, rekao je ju\u010de \u0161ef Odeljenja za saradnju Delegacije EU u Srbiji Nikola Bertolini na sve\u010danom otvaranju Doma kulture u Bobovu.<\/p>\n<p>Rekonstrukcija objekta izgra\u0111enog 1947. godine je obuhvatila sanaciju fasade, zamenu spolja\u0161nje i unutra\u0161nje stolarije, podova i instalacija, izgradnju kotlarnice kao i renoviranje bine.<\/p>\n<p>Bobovo je drugo selo po broju stanovnika u Svilajncu, ali je prvo po pa\u017enji koju smo usmerili, rekao je predsednik te op\u0161tine Predrag Milanovi\u0107 I dodao da su sem Doma kulture u predhodnim godina rekonstruisani ambulanta Doma zdravlja, osnovne \u0161kole, mesne kancelarije, parohijskog doma i crkve, izgra\u0111eni su putevi, zavr\u0161ava se vodovodna mre\u017ea. U planu je izgradnja kanalizacione mre\u017ee, fudbalski klub dobi\u0107e novi stadion.<\/p>\n<p>-Dom kulture u Bobovu je jedan od najboljih u Srbiji. Deca treba da ve\u017ebaju, okupljaju me\u0161tani. Zahvaljujem se EU, Delegaciji EU i UNOPS, \u017eelim da jo\u0161 pino projekata uradimo, zaklju\u010dio je Milanovi\u0107.<\/p>\n<p>Bertoliniju i Milanovi\u0107u su uru\u010dene zahvalnice.Nastupili su \u010dlanovi KUD Sveta Trojica iz Bobova.<\/p>\n","protected":false},"excerpt":{"rendered":"<p>&nbsp; SVILAJNAC\u00a0&#8211; Me\u0161tani svilajna\u010dkog sela Bobovo su uz podr\u0161ku Evropske unije i op\u0161tine Svilajnac, koji su preko programa EU PRO Plus i lokalnog bud\u017eea obezbedili &hellip; <\/p>\n","protected":false},"author":2,"featured_media":36804,"comment_status":"open","ping_status":"open","sticky":false,"template":"","format":"standard","meta":{"footnotes":""},"categories":[1524,2,13,887,12,1517,5785],"tags":[257,225,38],"_links":{"self":[{"href":"https:\/\/centralmedia.rs\/index.php\/wp-json\/wp\/v2\/posts\/36803"}],"collection":[{"href":"https:\/\/centralmedia.rs\/index.php\/wp-json\/wp\/v2\/posts"}],"about":[{"href":"https:\/\/centralmedia.rs\/index.php\/wp-json\/wp\/v2\/types\/post"}],"author":[{"embeddable":true,"href":"https:\/\/centralmedia.rs\/index.php\/wp-json\/wp\/v2\/users\/2"}],"replies":[{"embeddable":true,"href":"https:\/\/centralmedia.rs\/index.php\/wp-json\/wp\/v2\/comments?post=36803"}],"version-history":[{"count":3,"href":"https:\/\/centralmedia.rs\/index.php\/wp-json\/wp\/v2\/posts\/36803\/revisions"}],"predecessor-version":[{"id":36809,"href":"https:\/\/centralmedia.rs\/index.php\/wp-json\/wp\/v2\/posts\/36803\/revisions\/36809"}],"wp:featuredmedia":[{"embeddable":true,"href":"https:\/\/centralmedia.rs\/index.php\/wp-json\/wp\/v2\/media\/36804"}],"wp:attachment":[{"href":"https:\/\/centralmedia.rs\/index.php\/wp-json\/wp\/v2\/media?parent=36803"}],"wp:term":[{"taxonomy":"category","embeddable":true,"href":"https:\/\/centralmedia.rs\/index.php\/wp-json\/wp\/v2\/categories?post=36803"},{"taxonomy":"post_tag","embeddable":true,"href":"https:\/\/centralmedia.rs\/index.php\/wp-json\/wp\/v2\/tags?post=36803"}],"curies":[{"name":"wp","href":"https:\/\/api.w.org\/{rel}","templated":true}]}}