{"id":36818,"date":"2023-11-06T16:30:54","date_gmt":"2023-11-06T15:30:54","guid":{"rendered":"http:\/\/centralmedia.rs\/?p=36818"},"modified":"2023-11-08T19:38:23","modified_gmt":"2023-11-08T18:38:23","slug":"dukic-dejanovic-ulaganje-u-seoske-i-gradske-skole-u-jagodini-model-za-sve-sredine","status":"publish","type":"post","link":"https:\/\/centralmedia.rs\/index.php\/2023\/11\/06\/dukic-dejanovic-ulaganje-u-seoske-i-gradske-skole-u-jagodini-model-za-sve-sredine\/","title":{"rendered":"\u0110UKI\u0106 DEJANOVI\u0106 : ULAGANJE U SEOSKE I GRADSKE \u0160KOLE U JAGODINI MODEL ZA SVE SREDINE"},"content":{"rendered":"<p>&nbsp;<\/p>\n<p>Ministarka prosvete Srbije Slavica \u0110uki\u0107 Dejanovi\u0107 boravila je danas u radnoj poseti Jagodini, tokom koje je posetila \u010detiri \u0161kole, dve seoske i dve gradske. \u0110uki\u0107 Dejanovi\u0107 je sa predsednikom Skup\u0161tine grada Jagodine Draganom Markovi\u0107em Palmom obi\u0161la osnovne \u0161kole u jagodinskim selima Starom Lani\u0161tu i Vinora\u010di, gradsku osnovnu \u0161kolu \u201c17. oktobar\u201d i Internacionalnu \u0161kolu \u201cCrnjanski\u201d u Jagodini. \u201cMoja dana\u0161nja poseta Jagodini je radna poseta i dogovorena je mnogo pre nego \u0161to su raspisani izbori. Ja sam odu\u0161evljena izgledom i sadr\u017eajima \u0161kola koje sam videla kako u selima tako i u gradu Jagodini. U Srbiji je ve\u0107ina \u0161kola adaptirano i ura\u0111eno a tamo gde nisu Jagodina treba da bude model odnosa i ulaganja jedinice lokalne samouprave prema \u0161kolama u Srbiji. Svako dete mora da ima istu \u0161ansu i svako dete ima pravo da raste zdravo. To jeste slu\u010daj u Jagodini gde nema razlike izme\u0111u seoskih i gradskih \u0161kola. I jedne i druge imaju podjednake uslove za obrazovanje i kabinete za informatiku, hemiju, fiziku i sportske terene. Ja se zahvaljujem jagodinskoj lokalnoj samoupravi ne samo na finansijskim ulaganjima u \u0161kole, ve\u0107 i zbog duhovne podr\u0161ke da \u0161kola bude oslonac za budu\u0107nost Srbije\u201d, rekla je \u0110uki\u0107 Dejanovi\u0107.<\/p>\n<div id='gallery-1' class='gallery galleryid-36818 gallery-columns-5 gallery-size-thumbnail'><figure class='gallery-item'>\n\t\t\t<div class='gallery-icon landscape'>\n\t\t\t\t<a href='https:\/\/centralmedia.rs\/index.php\/2023\/11\/06\/dukic-dejanovic-ulaganje-u-seoske-i-gradske-skole-u-jagodini-model-za-sve-sredine\/slavica\/'><img loading=\"lazy\" decoding=\"async\" width=\"150\" height=\"150\" src=\"https:\/\/centralmedia.rs\/wp-content\/uploads\/2023\/11\/slavica-150x150.jpg\" class=\"attachment-thumbnail size-thumbnail\" alt=\"\" \/><\/a>\n\t\t\t<\/div><\/figure><figure class='gallery-item'>\n\t\t\t<div class='gallery-icon landscape'>\n\t\t\t\t<a href='https:\/\/centralmedia.rs\/index.php\/2023\/11\/06\/dukic-dejanovic-ulaganje-u-seoske-i-gradske-skole-u-jagodini-model-za-sve-sredine\/slavica1\/'><img loading=\"lazy\" decoding=\"async\" width=\"150\" height=\"150\" src=\"https:\/\/centralmedia.rs\/wp-content\/uploads\/2023\/11\/slavica1-150x150.jpg\" class=\"attachment-thumbnail size-thumbnail\" alt=\"\" \/><\/a>\n\t\t\t<\/div><\/figure><figure class='gallery-item'>\n\t\t\t<div class='gallery-icon landscape'>\n\t\t\t\t<a href='https:\/\/centralmedia.rs\/index.php\/2023\/11\/06\/dukic-dejanovic-ulaganje-u-seoske-i-gradske-skole-u-jagodini-model-za-sve-sredine\/slavica2\/'><img loading=\"lazy\" decoding=\"async\" width=\"150\" height=\"150\" src=\"https:\/\/centralmedia.rs\/wp-content\/uploads\/2023\/11\/slavica2-150x150.jpg\" class=\"attachment-thumbnail size-thumbnail\" alt=\"\" \/><\/a>\n\t\t\t<\/div><\/figure><figure class='gallery-item'>\n\t\t\t<div class='gallery-icon landscape'>\n\t\t\t\t<a href='https:\/\/centralmedia.rs\/index.php\/2023\/11\/06\/dukic-dejanovic-ulaganje-u-seoske-i-gradske-skole-u-jagodini-model-za-sve-sredine\/slavica3\/'><img loading=\"lazy\" decoding=\"async\" width=\"150\" height=\"150\" src=\"https:\/\/centralmedia.rs\/wp-content\/uploads\/2023\/11\/slavica3-150x150.jpg\" class=\"attachment-thumbnail size-thumbnail\" alt=\"\" \/><\/a>\n\t\t\t<\/div><\/figure><figure class='gallery-item'>\n\t\t\t<div class='gallery-icon landscape'>\n\t\t\t\t<a href='https:\/\/centralmedia.rs\/index.php\/2023\/11\/06\/dukic-dejanovic-ulaganje-u-seoske-i-gradske-skole-u-jagodini-model-za-sve-sredine\/slavica4\/'><img loading=\"lazy\" decoding=\"async\" width=\"150\" height=\"150\" src=\"https:\/\/centralmedia.rs\/wp-content\/uploads\/2023\/11\/slavica4-150x150.jpg\" class=\"attachment-thumbnail size-thumbnail\" alt=\"\" \/><\/a>\n\t\t\t<\/div><\/figure>\n\t\t<\/div>\n\n<p>PALMA : ULAGANJE U \u0160KOLE JE INVESTICIJA U BUDU\u0106NOST<\/p>\n<p>\u201cMi smo sve \u0161kole na teritoriji grada Jagodine sredili jo\u0161 pre 15 godina, kako u gradu tako i u selima. Zadnjih godina smo izgradili nekoliko potpuno novih \u0161kola. Danas smo obi\u0161li osnovnu \u0161kolu u Starom Lani\u0161tu koja je 100 posto adaptirana i ima sve \u0161to imaju gradske \u0161kole. To je zajedni\u010dka investicija Vlade Republike Srbije i na\u0161e lokalne samouprave. Nova osnovna \u0161kola u selu Vinora\u010da 100 posto je izgra\u0111ena sredstvima jagodinske lokalne samouprave. Ulaganje u \u0161kole je ulaganje u budu\u0107nost i to nisu pogre\u0161ne investicije. Veoma je va\u017eno da dr\u017eava i lokalne samouprave rade zajedni\u010dki kako ne bi bilo razlike izme\u0111u sela i grada, jer ako sela nemaju adekvatne \u0161kole, infrastrukturu, domove kulture, sportske terene i sve ostale onda decu idu u grad u \u0161kole i sela se prazne. U novosre\u0111enoj osnovnoj \u0161koli u Starom Lani\u0161tu ove godine je upisano 10 \u0111aka prvaka, \u0161to nije u poslednjih deset godina bio slu\u010daj. To je rezultat ulaganja u \u0161kole i to je smisao \u017eivota. U svim jagodinskim selima sve su ulice asfaltirane, gotovo 80 posto puteva do njiva smo nasipali kamenom, i nastavi\u0107emo dok sve puteve ne nasipamo, sve sela imaju domove kulture, domove penzionera, sportske terene, priklju\u010dak za gas, a ve\u0107a sela imaju i ambulante. Cilj je da porodice ostanu da \u017eive na selu\u201d, kazao je Markovi\u0107.<\/p>\n<p>Markovi\u0107 se zahvalio koaliciji JS &#8211; SPS &#8211; SNS na jedinstvu u dono\u0161enju odluka.<\/p>\n","protected":false},"excerpt":{"rendered":"<p>&nbsp; Ministarka prosvete Srbije Slavica \u0110uki\u0107 Dejanovi\u0107 boravila je danas u radnoj poseti Jagodini, tokom koje je posetila \u010detiri \u0161kole, dve seoske i dve gradske. &hellip; <\/p>\n","protected":false},"author":2,"featured_media":36819,"comment_status":"open","ping_status":"open","sticky":false,"template":"","format":"standard","meta":{"footnotes":""},"categories":[1524,2,5643,1514,13,887,12],"tags":[58,6369],"_links":{"self":[{"href":"https:\/\/centralmedia.rs\/index.php\/wp-json\/wp\/v2\/posts\/36818"}],"collection":[{"href":"https:\/\/centralmedia.rs\/index.php\/wp-json\/wp\/v2\/posts"}],"about":[{"href":"https:\/\/centralmedia.rs\/index.php\/wp-json\/wp\/v2\/types\/post"}],"author":[{"embeddable":true,"href":"https:\/\/centralmedia.rs\/index.php\/wp-json\/wp\/v2\/users\/2"}],"replies":[{"embeddable":true,"href":"https:\/\/centralmedia.rs\/index.php\/wp-json\/wp\/v2\/comments?post=36818"}],"version-history":[{"count":1,"href":"https:\/\/centralmedia.rs\/index.php\/wp-json\/wp\/v2\/posts\/36818\/revisions"}],"predecessor-version":[{"id":36825,"href":"https:\/\/centralmedia.rs\/index.php\/wp-json\/wp\/v2\/posts\/36818\/revisions\/36825"}],"wp:featuredmedia":[{"embeddable":true,"href":"https:\/\/centralmedia.rs\/index.php\/wp-json\/wp\/v2\/media\/36819"}],"wp:attachment":[{"href":"https:\/\/centralmedia.rs\/index.php\/wp-json\/wp\/v2\/media?parent=36818"}],"wp:term":[{"taxonomy":"category","embeddable":true,"href":"https:\/\/centralmedia.rs\/index.php\/wp-json\/wp\/v2\/categories?post=36818"},{"taxonomy":"post_tag","embeddable":true,"href":"https:\/\/centralmedia.rs\/index.php\/wp-json\/wp\/v2\/tags?post=36818"}],"curies":[{"name":"wp","href":"https:\/\/api.w.org\/{rel}","templated":true}]}}