{"id":36840,"date":"2023-11-07T20:04:23","date_gmt":"2023-11-07T19:04:23","guid":{"rendered":"http:\/\/centralmedia.rs\/?p=36840"},"modified":"2023-11-08T20:09:13","modified_gmt":"2023-11-08T19:09:13","slug":"dvadeset-druga-redovna-sednica-so-svilajnac-odrzana-je-uz-prisustvo-35-odbornika","status":"publish","type":"post","link":"https:\/\/centralmedia.rs\/index.php\/2023\/11\/07\/dvadeset-druga-redovna-sednica-so-svilajnac-odrzana-je-uz-prisustvo-35-odbornika\/","title":{"rendered":"Dvadeset druga redovna sednica SO Svilajnac odr\u017eana je uz prisustvo 35 odbornika."},"content":{"rendered":"<p>&nbsp;<\/p>\n<p>SVILAJNAC- Predsednik op\u0161tine Svilajnac Predrag Milanovi\u0107 jo\u0161 jednom je podsetio odbornke na najva\u017enije projekte u gradu i selima koji su ura\u0111eni i planirani, istakav\u0161i da je ovo godina najva\u017enijih i najve\u0107ih projekata u infrastrukturi.<\/p>\n<p>U periodu izme\u0111u dve sednice zavr\u0161en je i otvoren dom kulture u Bobovu, radi se u Glo\u017eanu, a radi\u0107e se u Lukovici, kao i sre\u0111ivanje zajedni\u010dkih prostorija u Sedlaru. U Bobovu je zavr\u0161en deo vodovodne mre\u017ee, rekonstruisan je put Ma\u010devac-Vojska i Sedlare-Kupinovac, a pri kraju je i put Ro\u0107evac-\u0110urinac. U toku je rekonstrukcija Bisi\u0107eve ulice, a radi\u0107e se i rekonstrukcija ulice Kraljevi\u0107a Marka i deo Radni\u010dke kod vrti\u0107a, kao i putevi u Glo\u017eanu i Crkvencu. Dve fabrike u Novoj zoni privre\u0111ivanja grade svoje pogone, Alkom sistemi zavr\u0161avaju izgradnju hale, a Doku san je u izgradnji. Po\u010deo je i projekat navodnjavanja Resavske celine u saradnji sa JVP \u201eSrbijavode\u201d.<\/p>\n<p>Na dnevnom redu na\u0161lo se 17 ta\u010daka, a me\u0111u njima je i Odluka o usvajanju Izve\u0161taja o izvr\u0161enju bud\u017eeta op\u0161tine Svilajnac za period od 1. januara do 30. septembra 2023. godine.<\/p>\n<p>Potvr\u0111en je mandat odborniku Drak\u010detu Raki\u0107u, penzioneru iz \u0110urinca sa izborne liste \u201eAleksandar Vu\u010di\u0107 \u2013 za na\u0161u decu\u201c.<\/p>\n<p>Usvojeni su programi i planovi rada ustanova sa teritorije na\u0161e op\u0161tine.<\/p>\n","protected":false},"excerpt":{"rendered":"<p>&nbsp; SVILAJNAC- Predsednik op\u0161tine Svilajnac Predrag Milanovi\u0107 jo\u0161 jednom je podsetio odbornke na najva\u017enije projekte u gradu i selima koji su ura\u0111eni i planirani, istakav\u0161i &hellip; <\/p>\n","protected":false},"author":2,"featured_media":36841,"comment_status":"open","ping_status":"open","sticky":false,"template":"","format":"standard","meta":{"footnotes":""},"categories":[1524,2,13,887,12,1517,5785],"tags":[3613,38],"_links":{"self":[{"href":"https:\/\/centralmedia.rs\/index.php\/wp-json\/wp\/v2\/posts\/36840"}],"collection":[{"href":"https:\/\/centralmedia.rs\/index.php\/wp-json\/wp\/v2\/posts"}],"about":[{"href":"https:\/\/centralmedia.rs\/index.php\/wp-json\/wp\/v2\/types\/post"}],"author":[{"embeddable":true,"href":"https:\/\/centralmedia.rs\/index.php\/wp-json\/wp\/v2\/users\/2"}],"replies":[{"embeddable":true,"href":"https:\/\/centralmedia.rs\/index.php\/wp-json\/wp\/v2\/comments?post=36840"}],"version-history":[{"count":1,"href":"https:\/\/centralmedia.rs\/index.php\/wp-json\/wp\/v2\/posts\/36840\/revisions"}],"predecessor-version":[{"id":36842,"href":"https:\/\/centralmedia.rs\/index.php\/wp-json\/wp\/v2\/posts\/36840\/revisions\/36842"}],"wp:featuredmedia":[{"embeddable":true,"href":"https:\/\/centralmedia.rs\/index.php\/wp-json\/wp\/v2\/media\/36841"}],"wp:attachment":[{"href":"https:\/\/centralmedia.rs\/index.php\/wp-json\/wp\/v2\/media?parent=36840"}],"wp:term":[{"taxonomy":"category","embeddable":true,"href":"https:\/\/centralmedia.rs\/index.php\/wp-json\/wp\/v2\/categories?post=36840"},{"taxonomy":"post_tag","embeddable":true,"href":"https:\/\/centralmedia.rs\/index.php\/wp-json\/wp\/v2\/tags?post=36840"}],"curies":[{"name":"wp","href":"https:\/\/api.w.org\/{rel}","templated":true}]}}