{"id":36850,"date":"2023-11-09T14:31:22","date_gmt":"2023-11-09T13:31:22","guid":{"rendered":"http:\/\/centralmedia.rs\/?p=36850"},"modified":"2023-11-09T14:31:22","modified_gmt":"2023-11-09T13:31:22","slug":"ambasador-konga-zozef-kalala-mulamba-u-jagodini-kongo-nikada-nece-priznati-nezavisnost-kosova","status":"publish","type":"post","link":"https:\/\/centralmedia.rs\/index.php\/2023\/11\/09\/ambasador-konga-zozef-kalala-mulamba-u-jagodini-kongo-nikada-nece-priznati-nezavisnost-kosova\/","title":{"rendered":"AMBASADOR KONGA \u017dOZEF KALALA MULAMBA U JAGODINI : KONGO NIKADA NE\u0106E PRIZNATI NEZAVISNOST KOSOVA"},"content":{"rendered":"<p>&nbsp;<\/p>\n<p>JAGODINA- U zvani\u010dnoj poseti Jagodini, na njegov zahtev, boravio je ambasador Demokratske Republike Kongo \u017dozef Kalala Mulamba i predlo\u017eio predsedniku Skup\u0161tine grada Jagodine Draganu Markovi\u0107u Palmi saradnju Jagodine sa Kongom.<\/p>\n<p><img loading=\"lazy\" decoding=\"async\" class=\"alignnone wp-image-36852 size-large\" src=\"http:\/\/centralmedia.rs\/wp-content\/uploads\/2023\/11\/palma-i-kongo-768x1024.jpg\" alt=\"\" width=\"640\" height=\"853\" srcset=\"https:\/\/centralmedia.rs\/wp-content\/uploads\/2023\/11\/palma-i-kongo-768x1024.jpg 768w, https:\/\/centralmedia.rs\/wp-content\/uploads\/2023\/11\/palma-i-kongo-225x300.jpg 225w, https:\/\/centralmedia.rs\/wp-content\/uploads\/2023\/11\/palma-i-kongo-315x420.jpg 315w, https:\/\/centralmedia.rs\/wp-content\/uploads\/2023\/11\/palma-i-kongo-640x853.jpg 640w, https:\/\/centralmedia.rs\/wp-content\/uploads\/2023\/11\/palma-i-kongo-681x908.jpg 681w, https:\/\/centralmedia.rs\/wp-content\/uploads\/2023\/11\/palma-i-kongo.jpg 1200w\" sizes=\"(max-width: 640px) 100vw, 640px\" \/><\/p>\n<p>\u201eU Jagodinu dolazim tre\u0107i put i dolazim kao prijatelj. Mi u Kongu ka\u017eemo da idete tamo gde vas vole, a vi volite mene i ja volim vas. Video sam veliki razvoj grada Jagodine, sve \u0161to ste uradili i znam da se svi va\u0161i gra\u0111ani voze besplatno gradskim prevozom. Do\u0161ao sam da vam zvani\u010dno predlo\u017eim saradnju Jagodine sa dr\u017eavom Kongom i gradom Mijabi koji ima 100 000 stanovnika i nalazi se u centralnoj pokrajini Kasai. Ta pokrajina je bogata mineralima i dijamantima, ali je oskudna sa strujom i vodom. Tako\u0111e \u017eelim da vam ka\u017eem da Demokratska Republika Kongo nije priznala takozvano nezavisno Kosovo, podr\u017eavamo teritorijalni integritet i suverenitet Srbije i mi u Kongu imamo rat ve\u0107 25 godina, jer \u017eele da nam oduzmu deo na\u0161e teritoirije, ba\u0161 kao \u0161to je to slu\u010daj sa delom Srbije Kosovom i Metohijom\u201c, rekao je ambasador Konga. Dragan Markovi\u0107 Palma je prihvatio ponu\u0111eni predlog saradnje. \u201e\u017delim da se zahvalim dr\u017eavi Kongo \u0161to nije priznala takozvano nezavisno Kosovo i \u0161to po\u0161tuje teritorijalni integritet i suverenitet Srbije. Znam da je Kongo u ratu ve\u0107 25 godina i da imaju veliki problem \u0161to neko ho\u0107e da im otme deo teritorije. Mi smo napravili odli\u010dnu saradnju sa Egiptom koji je afri\u010dka zemlja i koji ima 110 miliona stanovnika. Kongo je tako\u0111e afri\u010dka zemlja, ima 100 miliona stanovnika, druga je po povr\u0161ini u Africi iza Al\u017eira i 11. po povr\u0161ini na svetu. Njegovoj ekselenciji sam rekao da grad Jagodina prihvata saradnju sa Kongom. I predsednik Srbije Aleksandar Vu\u010di\u0107 ima odli\u010dnu saradnju sa Kongom, kao i ministar spoljnih poslova Srbije Ivica Da\u010di\u0107. Na\u0161 cilj je da vidimo na koji na\u010din mo\u017eemo ekonomski da sara\u0111ujemo sa Kongom i \u0161ta Srbija mo\u017ee da izveze u tu veliku afri\u010dku zemlju\u201c, kazao je Markovi\u0107. Dana\u0161njoj konferenciji za novinare u Jagodini prisustvovali su i gradona\u010delnik Jagodine Ratko Stevanovi\u0107 i na\u010delnik Pomoravskog okruga Goran Milosavljevi\u0107.<\/p>\n","protected":false},"excerpt":{"rendered":"<p>&nbsp; JAGODINA- U zvani\u010dnoj poseti Jagodini, na njegov zahtev, boravio je ambasador Demokratske Republike Kongo \u017dozef Kalala Mulamba i predlo\u017eio predsedniku Skup\u0161tine grada Jagodine Draganu &hellip; <\/p>\n","protected":false},"author":2,"featured_media":36851,"comment_status":"open","ping_status":"open","sticky":false,"template":"","format":"standard","meta":{"footnotes":""},"categories":[1524,2,5643,1514,13,887,12],"tags":[5730,6371,120],"_links":{"self":[{"href":"https:\/\/centralmedia.rs\/index.php\/wp-json\/wp\/v2\/posts\/36850"}],"collection":[{"href":"https:\/\/centralmedia.rs\/index.php\/wp-json\/wp\/v2\/posts"}],"about":[{"href":"https:\/\/centralmedia.rs\/index.php\/wp-json\/wp\/v2\/types\/post"}],"author":[{"embeddable":true,"href":"https:\/\/centralmedia.rs\/index.php\/wp-json\/wp\/v2\/users\/2"}],"replies":[{"embeddable":true,"href":"https:\/\/centralmedia.rs\/index.php\/wp-json\/wp\/v2\/comments?post=36850"}],"version-history":[{"count":1,"href":"https:\/\/centralmedia.rs\/index.php\/wp-json\/wp\/v2\/posts\/36850\/revisions"}],"predecessor-version":[{"id":36853,"href":"https:\/\/centralmedia.rs\/index.php\/wp-json\/wp\/v2\/posts\/36850\/revisions\/36853"}],"wp:featuredmedia":[{"embeddable":true,"href":"https:\/\/centralmedia.rs\/index.php\/wp-json\/wp\/v2\/media\/36851"}],"wp:attachment":[{"href":"https:\/\/centralmedia.rs\/index.php\/wp-json\/wp\/v2\/media?parent=36850"}],"wp:term":[{"taxonomy":"category","embeddable":true,"href":"https:\/\/centralmedia.rs\/index.php\/wp-json\/wp\/v2\/categories?post=36850"},{"taxonomy":"post_tag","embeddable":true,"href":"https:\/\/centralmedia.rs\/index.php\/wp-json\/wp\/v2\/tags?post=36850"}],"curies":[{"name":"wp","href":"https:\/\/api.w.org\/{rel}","templated":true}]}}