{"id":36860,"date":"2023-11-08T20:10:08","date_gmt":"2023-11-08T19:10:08","guid":{"rendered":"http:\/\/centralmedia.rs\/?p=36860"},"modified":"2023-11-09T20:21:42","modified_gmt":"2023-11-09T19:21:42","slug":"proglas-poziv-gradanima-da-iskoriste-svoje-pravo-glasa","status":"publish","type":"post","link":"https:\/\/centralmedia.rs\/index.php\/2023\/11\/08\/proglas-poziv-gradanima-da-iskoriste-svoje-pravo-glasa\/","title":{"rendered":"PROGLAS \u2013 POZIV GRA\u0110ANIMA DA ISKORISTE SVOJE PRAVO GLASA"},"content":{"rendered":"<p>&nbsp;<\/p>\n<p>Inicijativa \u201eProGlas\u201c okuplja javne li\u010dnosti koje u\u010destvuju u pozivanju gra\u0111ana da iskoriste svoje pravo glasa na izborima raspisanim za 17. decembar.<\/p>\n<p><img loading=\"lazy\" decoding=\"async\" class=\"alignnone wp-image-36861 size-large\" src=\"http:\/\/centralmedia.rs\/wp-content\/uploads\/2023\/11\/Snimak-ekrana-131-1024x429.png\" alt=\"\" width=\"640\" height=\"268\" srcset=\"https:\/\/centralmedia.rs\/wp-content\/uploads\/2023\/11\/Snimak-ekrana-131-1024x429.png 1024w, https:\/\/centralmedia.rs\/wp-content\/uploads\/2023\/11\/Snimak-ekrana-131-300x126.png 300w, https:\/\/centralmedia.rs\/wp-content\/uploads\/2023\/11\/Snimak-ekrana-131-768x321.png 768w, https:\/\/centralmedia.rs\/wp-content\/uploads\/2023\/11\/Snimak-ekrana-131-1003x420.png 1003w, https:\/\/centralmedia.rs\/wp-content\/uploads\/2023\/11\/Snimak-ekrana-131-640x268.png 640w, https:\/\/centralmedia.rs\/wp-content\/uploads\/2023\/11\/Snimak-ekrana-131-681x285.png 681w, https:\/\/centralmedia.rs\/wp-content\/uploads\/2023\/11\/Snimak-ekrana-131.png 1849w\" sizes=\"(max-width: 640px) 100vw, 640px\" \/><\/p>\n<p>Iza inicijative \u201cProGlas\u201d su stali Ljubomir Simovi\u0107, prof. dr Vladimir Kosti\u0107, prof. dr Ivanka Popovi\u0107, Miodrag Maji\u0107, prof. dr Miodrag Jovanovi\u0107, Dragan Bjelogrli\u0107, prof. dr Vladica Cvetkovi\u0107, Svetlana Bojkovi\u0107, Gojko Bo\u017eovi\u0107, Srdan Golubovi\u0107, Biljana Stepanovi\u0107, prof. dr Filip Ejdus i prof. dr Tamara D\u017eamonja Ignjatovi\u0107.<\/p>\n<p>U tekstu &#8220;ProGlasa&#8221; pi\u0161e:<\/p>\n<p>&#8220;Drage gra\u0111anke, dragi gra\u0111ani, Srbija je postala zemlja poni\u017eenih i privatizovanih institucija, u senci kriminala spregnutog sa strukturama vlasti i uz korupciju koja postaje stil \u017eivota. \u017divimo godine demografskih poraza i neslu\u0107enog ekonomskog raslojavanja. Opet smo pred \u0107orsokakom izolacije.<\/p>\n<p>Na\u0161e je nedvosmisleno uverenje da vreme u kome \u017eivimo zahteva od svih odgovornih i zabrinutih gra\u0111ana suo\u010davanje s trenutkom, dono\u0161enje jasnih odluka i spremnost ne samo za svedo\u010denje o potrebnim zaokretima ve\u0107 i za u\u010de\u0161\u0107e u njima.<\/p>\n<p>&nbsp;<\/p>\n<p>Stvarnost nas je primorala da se zapitamo: kakvi smo to ljudi ako sklanjaju\u0107i pogled \u0107utke svedo\u010dimo eksploziji kriminala, nepravde i nasilja?<\/p>\n<p>Pokreta\u010di ovog obra\u0107anja su ljudi sa imenom i prezimenom, sa svojim \u017eivotima, porodicama i zanimanjima. Niko od nas nema nameru da se bori za bilo kakve pozicije i funkcije, niti da se upu\u0161ta u igre vlasti i mo\u0107i &#8211; ose\u0107amo se pozvanim onoliko koliko bi svaki gra\u0111anin danas trebalo da se ose\u0107a pozvanim. Na svakome \u010doveku, opravdano zabrinutom za sopstvenu sudbinu, sudbinu svoje zemlje, svoje dece, porodice i prijatelja jeste da na\u0111e mesto u \u0161irokoj skali suprotstavljanja ovom sunovratu.<\/p>\n<p>Od biv\u0161eg apstinenta, a budu\u0107eg glasa\u010da, preko kontrolora izbornih i predizbornih mahinacija do u\u010desnika protesta, od onoga koji ube\u0111uje i \u0161iri istinu i ohrabrenje do onog koji predla\u017ee re\u0161enja i nudi pravce za izlaz Srbije sa ove stranputice, za svakog ima mesta i svako ima svoju ulogu.<\/p>\n<p>Na\u0161a je namera da podstaknemo proces u kome \u0107emo se svi, u svom punom kapacitetu, anga\u017eovati na promeni koja je ovoj zemlji nu\u017ena.<\/p>\n<p>Ali nije samo promena nepodno\u0161ljive dru\u0161tvene zbilje na\u0161 zadatak.<\/p>\n<p>Na nama je da gradimo Srbiju u kojoj \u0107e biti nemogu\u0107e da nam se takva zbilja ponovi.<\/p>\n<p>Zato je neophodno obnoviti demokratski poredak, pravne i politi\u010dke institucije, duh slobodne i kriti\u010dke rasprave u kojoj \u0107e ljudi u\u010destvovati bez straha od posledica. Srbiji nije potrebna nova klasa privilegovanih politi\u010dkih oligarha koji \u0107e stajati iznad zakona, ve\u0107 jednake \u0161anse za sve i solidarnost bez koje se ne mo\u017ee pro\u0107i kroz vremena krize.<\/p>\n<p>Srbiji nije potrebna kult li\u010dnosti, ve\u0107 slobodni gra\u0111ani koji sami ure\u0111uju odnose u svojoj zemlji.<\/p>\n<p>Na\u0161a zajedni\u010dka volja da uspemo u tom poduhvatu mora postati zalog za svaku budu\u0107u, sre\u0107niju i normalniju Srbiju.<\/p>\n<p>Ostanemo li nemi sada i dopustimo li da nas ispi\u0161u iz civilizacijskog kruga kome pripadamo, bi\u0107emo odgovorni za to \u0161to nismo u\u010dinili dovoljno da to zaustavimo.<\/p>\n<p>Zato pozivamo sve one koji se u svojim \u017eivotima sre\u0107u s raznim licima jedne te iste nepravde i bahatosti da prevazi\u0111emo sopstvene strahove i nepoverenja i da se udru\u017eimo u borbi za druga\u010diju Srbiju.<\/p>\n<p>Srbija je na\u0161a zemlja i zato je ovo zajedni\u010dka borba u kojoj treba da doka\u017eemo kakvi smo i koliko nas je. Ta borba je zasnovana na lekcijama pro\u0161losti, jasnom uvidu u sada\u0161njost i, \u0161to je klju\u010dno, posve\u0107ena budu\u0107nosti Srbije&#8221;.<\/p>\n<p>&nbsp;<\/p>\n","protected":false},"excerpt":{"rendered":"<p>&nbsp; Inicijativa \u201eProGlas\u201c okuplja javne li\u010dnosti koje u\u010destvuju u pozivanju gra\u0111ana da iskoriste svoje pravo glasa na izborima raspisanim za 17. decembar. Iza inicijative \u201cProGlas\u201d &hellip; <\/p>\n","protected":false},"author":2,"featured_media":36862,"comment_status":"open","ping_status":"open","sticky":false,"template":"","format":"standard","meta":{"footnotes":""},"categories":[2,13,12],"tags":[643,6374],"_links":{"self":[{"href":"https:\/\/centralmedia.rs\/index.php\/wp-json\/wp\/v2\/posts\/36860"}],"collection":[{"href":"https:\/\/centralmedia.rs\/index.php\/wp-json\/wp\/v2\/posts"}],"about":[{"href":"https:\/\/centralmedia.rs\/index.php\/wp-json\/wp\/v2\/types\/post"}],"author":[{"embeddable":true,"href":"https:\/\/centralmedia.rs\/index.php\/wp-json\/wp\/v2\/users\/2"}],"replies":[{"embeddable":true,"href":"https:\/\/centralmedia.rs\/index.php\/wp-json\/wp\/v2\/comments?post=36860"}],"version-history":[{"count":1,"href":"https:\/\/centralmedia.rs\/index.php\/wp-json\/wp\/v2\/posts\/36860\/revisions"}],"predecessor-version":[{"id":36863,"href":"https:\/\/centralmedia.rs\/index.php\/wp-json\/wp\/v2\/posts\/36860\/revisions\/36863"}],"wp:featuredmedia":[{"embeddable":true,"href":"https:\/\/centralmedia.rs\/index.php\/wp-json\/wp\/v2\/media\/36862"}],"wp:attachment":[{"href":"https:\/\/centralmedia.rs\/index.php\/wp-json\/wp\/v2\/media?parent=36860"}],"wp:term":[{"taxonomy":"category","embeddable":true,"href":"https:\/\/centralmedia.rs\/index.php\/wp-json\/wp\/v2\/categories?post=36860"},{"taxonomy":"post_tag","embeddable":true,"href":"https:\/\/centralmedia.rs\/index.php\/wp-json\/wp\/v2\/tags?post=36860"}],"curies":[{"name":"wp","href":"https:\/\/api.w.org\/{rel}","templated":true}]}}