{"id":36881,"date":"2023-11-13T22:40:59","date_gmt":"2023-11-13T21:40:59","guid":{"rendered":"http:\/\/centralmedia.rs\/?p=36881"},"modified":"2023-11-17T07:01:06","modified_gmt":"2023-11-17T06:01:06","slug":"dodela-pasch-plakete-gimnaziji-svetozar-markovic-u-jagodini","status":"publish","type":"post","link":"https:\/\/centralmedia.rs\/index.php\/2023\/11\/13\/dodela-pasch-plakete-gimnaziji-svetozar-markovic-u-jagodini\/","title":{"rendered":"Dodela PASCH- plakete Gimnaziji \u201eSvetozar Markovi\u0107 u Jagodini"},"content":{"rendered":"<p>&nbsp;<\/p>\n<p>JAGODINA- Gimnazija \u201eSvetozar Markovi\u0107\u201c u Jagodini je danas primila u posetu va\u017ene goste iz Ambasade SR Nema\u010dke: Miguela\u00a0 Valterajta, rukovodioca odeljenja za \u0161tampu i kulturu u Ambasadi SRN, Janika Jesilkoca, saradnika u ambasadi kao i Birgit \u0160ojrer,stru\u010dnog savetnika za nema\u010dki jezik u Centrali za \u0161kolstvo u inostranstvu. Povod za posetu je bio predaja PASCH plakete gimnaziji \u010dime je ona postala\u00a0 partner Savezne Republike Nema\u010dke u projektu \u201e \u0160kole- partneri budu\u0107nosti\u201c.<\/p>\n<div id='gallery-1' class='gallery galleryid-36881 gallery-columns-3 gallery-size-thumbnail'><figure class='gallery-item'>\n\t\t\t<div class='gallery-icon landscape'>\n\t\t\t\t<a href='https:\/\/centralmedia.rs\/index.php\/2023\/11\/13\/dodela-pasch-plakete-gimnaziji-svetozar-markovic-u-jagodini\/gimnazija1-2\/'><img loading=\"lazy\" decoding=\"async\" width=\"150\" height=\"150\" src=\"https:\/\/centralmedia.rs\/wp-content\/uploads\/2023\/11\/gimnazija1-150x150.jpg\" class=\"attachment-thumbnail size-thumbnail\" alt=\"\" \/><\/a>\n\t\t\t<\/div><\/figure><figure class='gallery-item'>\n\t\t\t<div class='gallery-icon landscape'>\n\t\t\t\t<a href='https:\/\/centralmedia.rs\/index.php\/2023\/11\/13\/dodela-pasch-plakete-gimnaziji-svetozar-markovic-u-jagodini\/gimnazija2-2\/'><img loading=\"lazy\" decoding=\"async\" width=\"150\" height=\"150\" src=\"https:\/\/centralmedia.rs\/wp-content\/uploads\/2023\/11\/gimnazija2-150x150.jpg\" class=\"attachment-thumbnail size-thumbnail\" alt=\"\" \/><\/a>\n\t\t\t<\/div><\/figure><figure class='gallery-item'>\n\t\t\t<div class='gallery-icon landscape'>\n\t\t\t\t<a href='https:\/\/centralmedia.rs\/index.php\/2023\/11\/13\/dodela-pasch-plakete-gimnaziji-svetozar-markovic-u-jagodini\/gimnazija3\/'><img loading=\"lazy\" decoding=\"async\" width=\"150\" height=\"150\" src=\"https:\/\/centralmedia.rs\/wp-content\/uploads\/2023\/11\/gimnazija3-150x150.jpg\" class=\"attachment-thumbnail size-thumbnail\" alt=\"\" \/><\/a>\n\t\t\t<\/div><\/figure>\n\t\t<\/div>\n\n<p>PASCH je skra\u0107enica za \u201e\u0160kole \u2013 partneri budu\u0107nosti\u201c. To je inicijativa nema\u010dkog Ministarstva spoljnih poslova koja deluje \u0161irom sveta uklju\u010duju\u0107i osnovne i srednje \u0161kole u kojima se intenzivno u\u010di nema\u010dki jezik. To na\u0161oj \u0161koli otvara vrata\u00a0 za razmenu u\u010denika, razmenu nastavnika,stalnu brigu za nastavu nema\u010dkog jezika u Gimnaziji, opremanje kabineta za nema\u010dki jezik nastavnim sredstvima , u\u010destvovanje u mnogim projektima.<\/p>\n<p>Ovu presti\u017enu plaketu \u0161kola je dobila zahvaljuju\u0107i odr\u017eavanju DSD ispita za nema\u010dku jezi\u010dkudiplomu kao i predanom radu na u\u010denju nema\u010dkog jezika. Ispit se pola\u017ee u \u0161koli ve\u0107 12 godina i besplatan je za \u00a0u\u010denike.<\/p>\n","protected":false},"excerpt":{"rendered":"<p>&nbsp; JAGODINA- Gimnazija \u201eSvetozar Markovi\u0107\u201c u Jagodini je danas primila u posetu va\u017ene goste iz Ambasade SR Nema\u010dke: Miguela\u00a0 Valterajta, rukovodioca odeljenja za \u0161tampu i &hellip; <\/p>\n","protected":false},"author":2,"featured_media":36882,"comment_status":"open","ping_status":"open","sticky":false,"template":"","format":"standard","meta":{"footnotes":""},"categories":[14,1524,2,5643,1514,887,12],"tags":[224,6377],"_links":{"self":[{"href":"https:\/\/centralmedia.rs\/index.php\/wp-json\/wp\/v2\/posts\/36881"}],"collection":[{"href":"https:\/\/centralmedia.rs\/index.php\/wp-json\/wp\/v2\/posts"}],"about":[{"href":"https:\/\/centralmedia.rs\/index.php\/wp-json\/wp\/v2\/types\/post"}],"author":[{"embeddable":true,"href":"https:\/\/centralmedia.rs\/index.php\/wp-json\/wp\/v2\/users\/2"}],"replies":[{"embeddable":true,"href":"https:\/\/centralmedia.rs\/index.php\/wp-json\/wp\/v2\/comments?post=36881"}],"version-history":[{"count":1,"href":"https:\/\/centralmedia.rs\/index.php\/wp-json\/wp\/v2\/posts\/36881\/revisions"}],"predecessor-version":[{"id":36886,"href":"https:\/\/centralmedia.rs\/index.php\/wp-json\/wp\/v2\/posts\/36881\/revisions\/36886"}],"wp:featuredmedia":[{"embeddable":true,"href":"https:\/\/centralmedia.rs\/index.php\/wp-json\/wp\/v2\/media\/36882"}],"wp:attachment":[{"href":"https:\/\/centralmedia.rs\/index.php\/wp-json\/wp\/v2\/media?parent=36881"}],"wp:term":[{"taxonomy":"category","embeddable":true,"href":"https:\/\/centralmedia.rs\/index.php\/wp-json\/wp\/v2\/categories?post=36881"},{"taxonomy":"post_tag","embeddable":true,"href":"https:\/\/centralmedia.rs\/index.php\/wp-json\/wp\/v2\/tags?post=36881"}],"curies":[{"name":"wp","href":"https:\/\/api.w.org\/{rel}","templated":true}]}}