{"id":36911,"date":"2023-11-16T20:57:55","date_gmt":"2023-11-16T19:57:55","guid":{"rendered":"http:\/\/centralmedia.rs\/?p=36911"},"modified":"2023-11-16T20:57:55","modified_gmt":"2023-11-16T19:57:55","slug":"zavetnici-usred-bundestaga-kosovo-je-srbija","status":"publish","type":"post","link":"https:\/\/centralmedia.rs\/index.php\/2023\/11\/16\/zavetnici-usred-bundestaga-kosovo-je-srbija\/","title":{"rendered":"ZAVETNICI: USRED BUNDESTAGA &#8220;KOSOVO JE SRBIJA&#8221;"},"content":{"rendered":"<p>&nbsp;<\/p>\n<p>Delegacija Nacionalnog okupljanja boravi u poseti Nema\u010dkoj na poziv Alternative za Nema\u010dku (AFD), jedne od najja\u010dih opozicionih stranaka u toj zemlji. Delegaciju Nacionalnog okupljanja predvodi predsednik Srpske stranke Zavetnici Milica \u0110ur\u0111evi\u0107 Stamenkovski, a prva fotografija koju je objavila iz Nema\u010dke odu\u0161evila je sve u Srbiji.<\/p>\n<p><img loading=\"lazy\" decoding=\"async\" class=\"alignnone wp-image-36912 size-large\" src=\"http:\/\/centralmedia.rs\/wp-content\/uploads\/2023\/11\/zavetnici-701x1024.jpg\" alt=\"\" width=\"640\" height=\"935\" srcset=\"https:\/\/centralmedia.rs\/wp-content\/uploads\/2023\/11\/zavetnici-701x1024.jpg 701w, https:\/\/centralmedia.rs\/wp-content\/uploads\/2023\/11\/zavetnici-206x300.jpg 206w, https:\/\/centralmedia.rs\/wp-content\/uploads\/2023\/11\/zavetnici-768x1121.jpg 768w, https:\/\/centralmedia.rs\/wp-content\/uploads\/2023\/11\/zavetnici-288x420.jpg 288w, https:\/\/centralmedia.rs\/wp-content\/uploads\/2023\/11\/zavetnici-640x934.jpg 640w, https:\/\/centralmedia.rs\/wp-content\/uploads\/2023\/11\/zavetnici-681x994.jpg 681w, https:\/\/centralmedia.rs\/wp-content\/uploads\/2023\/11\/zavetnici.jpg 796w\" sizes=\"(max-width: 640px) 100vw, 640px\" \/><\/p>\n<p>&#8211; U Nema\u010dkoj i svuda: Kosovo je Srbija! Danas sam u Berlinu u Bundestagu imala susret sa predsednikom Alternative za Nema\u010dku, Tinom Krupalom. Njegova AFD je vode\u0107a suverenisti\u010dka i dr\u017eavotvorna opcija u Nema\u010dkoj \u2013 napisala je Milica \u0110ur\u0161evi\u0107 Stamenkovski na svom Fejsbuk nalogu uz fotografiju sa Krupalom na kojoj zajedno dr\u017ee majicu sa porukom \u201cNema predaje\u201d i siluetom Kosova i Metohiju u bojama srpske zastave.<\/p>\n<p>AFD je desni\u010darska stranka u usponu \u010diji je uspeh na poslednjim izborima zabrinuo sve u EU imaju\u0107i u vidu da se ta stranka protivi politici Brisela i podr\u017eava Srbiju u odbrani Kosova i Metohije. AFD je u nema\u010dkom parlamentu podneo zahtev za povla\u010denje priznanja nezavisnosti samoprogla\u0161ene &#8220;Republike Kosovo&#8221;.<\/p>\n<p>\u0110ur\u0111evi\u0107 je u nekoliko navrata isticala da ne \u017eeli izlovanu Srbiju ve\u0107 Srbiju koja \u0107e sara\u0111ivati sa suverenisti\u010dkim partijama \u0161irom Evrope. Ona je i pozvala suverenisti\u010dke politi\u010dke snage \u0161irom Evrope da dignu glas protiv uklanjanja spomenika srpskim vojnicima palim u Prvom svetskom ratu iz Pri\u0161tine, \u0161to je u\u010dinjeno na zahtev tzv. ambasada francuske i nema\u010dke.<\/p>\n<p>&#8211; Nacionalno okupljanje \u0107e izvesti Srbiju iz briselske izolacije. Mi Srbi u ovoj politi\u010dkoj borbi nismo usamljeni. Mi smo dio velikog talasa evropskih suverenisti\u010dkih snaga koji je aktuelan u Evropi. Kao i ostale dr\u017eavotvorne snage na starom kontinentu zala\u017eemo se za Evropu nacija i sloboda \u2013 poru\u010dila je ona tada.<\/p>\n<p>Sa njom u delegaciji nalazi se i funcioneri Srpske stranke Zavetnici Du\u0161an Prorokovi\u0107 i Danijel Igrec<\/p>\n","protected":false},"excerpt":{"rendered":"<p>&nbsp; Delegacija Nacionalnog okupljanja boravi u poseti Nema\u010dkoj na poziv Alternative za Nema\u010dku (AFD), jedne od najja\u010dih opozicionih stranaka u toj zemlji. Delegaciju Nacionalnog okupljanja &hellip; <\/p>\n","protected":false},"author":2,"featured_media":36912,"comment_status":"open","ping_status":"open","sticky":false,"template":"","format":"standard","meta":{"footnotes":""},"categories":[2,13,12],"tags":[6383,148,6382,6361],"_links":{"self":[{"href":"https:\/\/centralmedia.rs\/index.php\/wp-json\/wp\/v2\/posts\/36911"}],"collection":[{"href":"https:\/\/centralmedia.rs\/index.php\/wp-json\/wp\/v2\/posts"}],"about":[{"href":"https:\/\/centralmedia.rs\/index.php\/wp-json\/wp\/v2\/types\/post"}],"author":[{"embeddable":true,"href":"https:\/\/centralmedia.rs\/index.php\/wp-json\/wp\/v2\/users\/2"}],"replies":[{"embeddable":true,"href":"https:\/\/centralmedia.rs\/index.php\/wp-json\/wp\/v2\/comments?post=36911"}],"version-history":[{"count":1,"href":"https:\/\/centralmedia.rs\/index.php\/wp-json\/wp\/v2\/posts\/36911\/revisions"}],"predecessor-version":[{"id":36913,"href":"https:\/\/centralmedia.rs\/index.php\/wp-json\/wp\/v2\/posts\/36911\/revisions\/36913"}],"wp:featuredmedia":[{"embeddable":true,"href":"https:\/\/centralmedia.rs\/index.php\/wp-json\/wp\/v2\/media\/36912"}],"wp:attachment":[{"href":"https:\/\/centralmedia.rs\/index.php\/wp-json\/wp\/v2\/media?parent=36911"}],"wp:term":[{"taxonomy":"category","embeddable":true,"href":"https:\/\/centralmedia.rs\/index.php\/wp-json\/wp\/v2\/categories?post=36911"},{"taxonomy":"post_tag","embeddable":true,"href":"https:\/\/centralmedia.rs\/index.php\/wp-json\/wp\/v2\/tags?post=36911"}],"curies":[{"name":"wp","href":"https:\/\/api.w.org\/{rel}","templated":true}]}}