{"id":36921,"date":"2023-11-14T06:44:39","date_gmt":"2023-11-14T05:44:39","guid":{"rendered":"http:\/\/centralmedia.rs\/?p=36921"},"modified":"2023-11-17T06:45:27","modified_gmt":"2023-11-17T05:45:27","slug":"zlatibor-za-devet-meseci-belezi-porast-turista-za-60-odsto","status":"publish","type":"post","link":"https:\/\/centralmedia.rs\/index.php\/2023\/11\/14\/zlatibor-za-devet-meseci-belezi-porast-turista-za-60-odsto\/","title":{"rendered":"Zlatibor za devet meseci bele\u017ei porast turista za 60 odsto"},"content":{"rendered":"<p>&nbsp;<\/p>\n<p>\u010cAJETINA- Zlatibor, kao turisti\u010dka destinacija, bele\u017ei porast broja dolazaka i no\u0107enja turista za vi\u0161e od 60%. Ovi podaci daju dosta razloga za radovanje zaposlenima u TO Zlatibor, jer \u0107e se sa predstoje\u0107im praznicima, sude\u0107i prema interesovanju i najavama gostiju , ta brojka jo\u0161 pove\u0107ati.<\/p>\n<p>Republi\u010dki zavod za statistiku je za prvih devet meseci ove godine objavio da Zlatibor, kao turisti\u010dka destinacija, bele\u017ei porast broja dolazaka i no\u0107enja turista za vi\u0161e od 60%. Ovi podaci daju dosta razloga za radovanje zaposlenima u TO Zlatibor, jer \u0107e se sa predstoje\u0107im praznicima, kako ka\u017eu, ta brojka jo\u0161 pove\u0107ati \u0161to \u0107e godinu u kojoj se obele\u017eava jubilej , 130 godina organizovanog turizma na ovoj planini, u\u010diniti istinski posebnom.<\/p>\n<p>&#8220;Imamo razloga da budemo zadovoljni jer Zlatibor jo\u0161 jednom pokazuje jedan kapacitet i kao destinacija je zaista u prethodnom periodu bio prepun turista, mahom gostiju iz Srbije. Ono \u0161to je bitno napomenuti je\u00a0 to da je tokom ove jeseni, koja je bila izuzetno lepa, Zlatibor bio izuzetno dobro pose\u0107en . Zabele\u017eili smo veliki broj poseta, pogotovu je to bilo vidljivo od \u010detvrtka do nedelje , taj produ\u017eeni vikend koji je privukao veliki broj posetilaca. Seminari i kongresi su se tako\u0111e vratili u punom obimu&#8230;Ima i blagog pove\u0107anja , a odre\u0111eni broj novih seminara je do\u0161ao na Zlatibor, pa je i u tom delu biznis industrije Zlatibor pokazao jedan ozbiljan napredak&#8221; ka\u017ee Vladimir \u017divanovi\u0107, direktor TO Zlatibor<\/p>\n<p>Do nove godine, TO Zlatibor posveti\u0107e se promotivnim kampanjama. Hotelijeri su iza\u0161li sa cenama za novogodi\u0161nje praznike i zimsku turisti\u010dku sezonu, o \u010demu se zainteresovani posetioci mogu informisati na dru\u0161tvenim mre\u017eama i internet portalima. Promotivni filmovi TO Zlatibor odve\u0161\u0107e ih na sve zanimljive destinacije na podru\u010dju op\u0161tine \u010cajetina. Ono \u0161to jo\u0161 predstoji, ka\u017ee \u017divanovi\u0107,jesu u\u010de\u0161\u0107a na decembarskim sajmovima turizma, u Novom Sadu kao i Kragujevcu.<\/p>\n<p>&#8220;O\u010dekuje nas i jedna novinarska tura po\u010detkom decembra gde \u0107emo na\u0161e najrelevantnije medije, ali i neke predstavnike turoperatora , upoznati sa sadr\u017eajima i ponudom. Napominjem da su hotelijeri iza\u0161li sa ponudom paketa, cena, kao i izvo\u0111a\u010da. Veliki broj estradnih zvezda \u0107e biti na Zlatiboru za vreme novogodi\u0161njih praznika i ja verujem da, ako budemo imali vi\u0161e sre\u0107e nego pro\u0161le godine sa snegom, da padne dosta ranije,\u00a0 pripremi\u0107emo de\u010dje skijali\u0161te Obudojevicu i ski centar Tornik kako bi upotpunili\u00a0 zimske sadr\u017eaje, dakle &#8211; verujem u jo\u0161 jednu uspe\u0161nu sezonu&#8221;, naglasio je \u017divanovi\u0107.<\/p>\n<p>Ve\u0107 tradicionalno, op\u0161tina \u010cajetina i TO Zlatibor uz u\u010de\u0161\u0107e javnih preduze\u0107a, pripremaju razne sadr\u017eaje u vreme novogodi\u0161njih i bo\u017ei\u0107nih praznika. Niz manifestacija posebno odabranih da obraduju najmla\u0111e, uz nezaobilaznu dodelu paketi\u0107a,\u00a0 odr\u017ea\u0107e se pred Novu godinu. Tako\u0111e, do\u010dek Nove godine i repriza do\u010deka bi\u0107e organizovani na Kraljevom trgu, a o svemu tome \u0107e biti vi\u0161e re\u010di u narednom periodu.<\/p>\n","protected":false},"excerpt":{"rendered":"<p>&nbsp; \u010cAJETINA- Zlatibor, kao turisti\u010dka destinacija, bele\u017ei porast broja dolazaka i no\u0107enja turista za vi\u0161e od 60%. Ovi podaci daju dosta razloga za radovanje zaposlenima &hellip; <\/p>\n","protected":false},"author":2,"featured_media":33453,"comment_status":"open","ping_status":"open","sticky":false,"template":"","format":"standard","meta":{"footnotes":""},"categories":[2875,5787,1524,2,23,887,3054],"tags":[2762,65],"_links":{"self":[{"href":"https:\/\/centralmedia.rs\/index.php\/wp-json\/wp\/v2\/posts\/36921"}],"collection":[{"href":"https:\/\/centralmedia.rs\/index.php\/wp-json\/wp\/v2\/posts"}],"about":[{"href":"https:\/\/centralmedia.rs\/index.php\/wp-json\/wp\/v2\/types\/post"}],"author":[{"embeddable":true,"href":"https:\/\/centralmedia.rs\/index.php\/wp-json\/wp\/v2\/users\/2"}],"replies":[{"embeddable":true,"href":"https:\/\/centralmedia.rs\/index.php\/wp-json\/wp\/v2\/comments?post=36921"}],"version-history":[{"count":1,"href":"https:\/\/centralmedia.rs\/index.php\/wp-json\/wp\/v2\/posts\/36921\/revisions"}],"predecessor-version":[{"id":36922,"href":"https:\/\/centralmedia.rs\/index.php\/wp-json\/wp\/v2\/posts\/36921\/revisions\/36922"}],"wp:featuredmedia":[{"embeddable":true,"href":"https:\/\/centralmedia.rs\/index.php\/wp-json\/wp\/v2\/media\/33453"}],"wp:attachment":[{"href":"https:\/\/centralmedia.rs\/index.php\/wp-json\/wp\/v2\/media?parent=36921"}],"wp:term":[{"taxonomy":"category","embeddable":true,"href":"https:\/\/centralmedia.rs\/index.php\/wp-json\/wp\/v2\/categories?post=36921"},{"taxonomy":"post_tag","embeddable":true,"href":"https:\/\/centralmedia.rs\/index.php\/wp-json\/wp\/v2\/tags?post=36921"}],"curies":[{"name":"wp","href":"https:\/\/api.w.org\/{rel}","templated":true}]}}