{"id":36923,"date":"2023-11-03T06:47:25","date_gmt":"2023-11-03T05:47:25","guid":{"rendered":"http:\/\/centralmedia.rs\/?p=36923"},"modified":"2023-11-17T06:47:39","modified_gmt":"2023-11-17T05:47:39","slug":"uspesna-sezona-u-zlatiborskom-raju-za-kampere","status":"publish","type":"post","link":"https:\/\/centralmedia.rs\/index.php\/2023\/11\/03\/uspesna-sezona-u-zlatiborskom-raju-za-kampere\/","title":{"rendered":"Uspe\u0161na sezona u zlatiborskom raju za kampere"},"content":{"rendered":"<p>&nbsp;<\/p>\n<p>\u010cAJETINA-Nakon uspe\u0161ne letnje turisti\u010dke sezone na Zlatiboru i kamp na ovoj destinaciji mo\u017ee se pohvaliti odli\u010dnim rezultatima. U periodu od aprila do kraja oktobra 2023. godine zlatiborski kamp je zabele\u017eio rast turista od 20 % u odnosu na prethodnu godinu.<\/p>\n<p>Sme\u0161ten u prijatnom okru\u017eenju, nedaleko od centra Zlatibora, a dovoljno izdvojen od gu\u017eve, pru\u017eio je mnogobrojnim kamperima nesvakida\u0161nju priliku za u\u017eivanje u planinskim pejza\u017eima kao i odmor u hladu zlatiborskih borova. Individualnih gostiju najvi\u0161e je bilo iz Holandije i Nema\u010dke, a zatim slede gosti iz Slovenije, Poljske, \u010ce\u0161ke&#8230; Posebno raduje povratak organizovanih grupa koje ve\u0107 tradicionalno borave u zlatiborskom kampu. Najve\u0107i broj organizovanih grupa je iz Holandije i Nema\u010dke, dok su u kampu prvi put ove godine boravili i \u010dlanovi \u201cSenioren Kampeer club-a\u201d iz Holandije.<\/p>\n<p>Iz godine u godinu broj kampera na Zlatiboru sve vi\u0161e raste. Odli\u010dni uslovi i kvalitet koji opravdava tri zvezdice kampa razlog su da se gosti uvek iznova vra\u0107aju na Zlatibor. Aktivnosti Turisti\u010dke organizacije Zlatibor usmerene na promocije na inostranim i doma\u0107im sajmovima, elektronskim i \u0161tampanim medijima uslovili su dolazak velikog broja kampera i sa novih tr\u017ei\u0161ta. Posve\u0107en i dinami\u010dan rad nastavlja se i tokom narednog perioda kako bi rezultati bili \u0161to bolji a posetioci \u0161to zadovoljniji boravkom u kampu na najpose\u0107enijoj planini Srbije.<\/p>\n","protected":false},"excerpt":{"rendered":"<p>&nbsp; \u010cAJETINA-Nakon uspe\u0161ne letnje turisti\u010dke sezone na Zlatiboru i kamp na ovoj destinaciji mo\u017ee se pohvaliti odli\u010dnim rezultatima. U periodu od aprila do kraja oktobra &hellip; <\/p>\n","protected":false},"author":2,"featured_media":36924,"comment_status":"open","ping_status":"open","sticky":false,"template":"","format":"standard","meta":{"footnotes":""},"categories":[2875,5787,1524,2,23,887,3054],"tags":[2762,65],"_links":{"self":[{"href":"https:\/\/centralmedia.rs\/index.php\/wp-json\/wp\/v2\/posts\/36923"}],"collection":[{"href":"https:\/\/centralmedia.rs\/index.php\/wp-json\/wp\/v2\/posts"}],"about":[{"href":"https:\/\/centralmedia.rs\/index.php\/wp-json\/wp\/v2\/types\/post"}],"author":[{"embeddable":true,"href":"https:\/\/centralmedia.rs\/index.php\/wp-json\/wp\/v2\/users\/2"}],"replies":[{"embeddable":true,"href":"https:\/\/centralmedia.rs\/index.php\/wp-json\/wp\/v2\/comments?post=36923"}],"version-history":[{"count":1,"href":"https:\/\/centralmedia.rs\/index.php\/wp-json\/wp\/v2\/posts\/36923\/revisions"}],"predecessor-version":[{"id":36925,"href":"https:\/\/centralmedia.rs\/index.php\/wp-json\/wp\/v2\/posts\/36923\/revisions\/36925"}],"wp:featuredmedia":[{"embeddable":true,"href":"https:\/\/centralmedia.rs\/index.php\/wp-json\/wp\/v2\/media\/36924"}],"wp:attachment":[{"href":"https:\/\/centralmedia.rs\/index.php\/wp-json\/wp\/v2\/media?parent=36923"}],"wp:term":[{"taxonomy":"category","embeddable":true,"href":"https:\/\/centralmedia.rs\/index.php\/wp-json\/wp\/v2\/categories?post=36923"},{"taxonomy":"post_tag","embeddable":true,"href":"https:\/\/centralmedia.rs\/index.php\/wp-json\/wp\/v2\/tags?post=36923"}],"curies":[{"name":"wp","href":"https:\/\/api.w.org\/{rel}","templated":true}]}}