{"id":36959,"date":"2023-11-20T23:32:00","date_gmt":"2023-11-20T22:32:00","guid":{"rendered":"http:\/\/centralmedia.rs\/?p=36959"},"modified":"2023-11-27T13:39:08","modified_gmt":"2023-11-27T12:39:08","slug":"posle-80-godina-tisine-manastir-manasija-ponovo-peva","status":"publish","type":"post","link":"https:\/\/centralmedia.rs\/index.php\/2023\/11\/20\/posle-80-godina-tisine-manastir-manasija-ponovo-peva\/","title":{"rendered":"POSLE 80 GODINA TI\u0160INE,  MANASTIR MANASIJA PONOVO PEVA"},"content":{"rendered":"<p>&nbsp;<\/p>\n<p>DESPOTOVAC- \u00a0Svetom Arhijerejskom Liturgijom koju je slu\u017eio episkop brani\u010devski\u00a0 Ignatije obavljen je \u010din osve\u0107enja zvona manastira Manasija. Posle 80 godina ti\u0161ine ponovo dolinom Resave odzvanjaju velika zvona u Carskoj lavri Svete Trojice \u010diji je ktitor despot Stefan Lazarevi\u0107. Vekovni manastir Manasija, provobitno \u00a0Resava, pamti vojske, ratove, po\u017eare, ru\u0161enja, stradanja, obnove\u2026. Pred Srbijom \u00a0stoji Sveta srpska carska lavra, pri\u010da bezvremenu pri\u010du i svedo\u010di o upornosti, istrajnost i snazi vere, nade i ljubavi.<\/p>\n<div id='gallery-1' class='gallery galleryid-36959 gallery-columns-7 gallery-size-thumbnail'><figure class='gallery-item'>\n\t\t\t<div class='gallery-icon portrait'>\n\t\t\t\t<a href='https:\/\/centralmedia.rs\/index.php\/2023\/11\/20\/posle-80-godina-tisine-manastir-manasija-ponovo-peva\/zvono-3\/'><img loading=\"lazy\" decoding=\"async\" width=\"150\" height=\"150\" src=\"https:\/\/centralmedia.rs\/wp-content\/uploads\/2023\/11\/zvono-150x150.jpg\" class=\"attachment-thumbnail size-thumbnail\" alt=\"\" \/><\/a>\n\t\t\t<\/div><\/figure><figure class='gallery-item'>\n\t\t\t<div class='gallery-icon portrait'>\n\t\t\t\t<a href='https:\/\/centralmedia.rs\/index.php\/2023\/11\/20\/posle-80-godina-tisine-manastir-manasija-ponovo-peva\/zvono1\/'><img loading=\"lazy\" decoding=\"async\" width=\"150\" height=\"150\" src=\"https:\/\/centralmedia.rs\/wp-content\/uploads\/2023\/11\/zvono1-150x150.jpg\" class=\"attachment-thumbnail size-thumbnail\" alt=\"\" \/><\/a>\n\t\t\t<\/div><\/figure><figure class='gallery-item'>\n\t\t\t<div class='gallery-icon portrait'>\n\t\t\t\t<a href='https:\/\/centralmedia.rs\/index.php\/2023\/11\/20\/posle-80-godina-tisine-manastir-manasija-ponovo-peva\/zvono2\/'><img loading=\"lazy\" decoding=\"async\" width=\"150\" height=\"150\" src=\"https:\/\/centralmedia.rs\/wp-content\/uploads\/2023\/11\/zvono2-150x150.jpg\" class=\"attachment-thumbnail size-thumbnail\" alt=\"\" \/><\/a>\n\t\t\t<\/div><\/figure><figure class='gallery-item'>\n\t\t\t<div class='gallery-icon portrait'>\n\t\t\t\t<a href='https:\/\/centralmedia.rs\/index.php\/2023\/11\/20\/posle-80-godina-tisine-manastir-manasija-ponovo-peva\/zvono3\/'><img loading=\"lazy\" decoding=\"async\" width=\"150\" height=\"150\" src=\"https:\/\/centralmedia.rs\/wp-content\/uploads\/2023\/11\/zvono3-150x150.jpg\" class=\"attachment-thumbnail size-thumbnail\" alt=\"\" \/><\/a>\n\t\t\t<\/div><\/figure><figure class='gallery-item'>\n\t\t\t<div class='gallery-icon landscape'>\n\t\t\t\t<a href='https:\/\/centralmedia.rs\/index.php\/2023\/11\/20\/posle-80-godina-tisine-manastir-manasija-ponovo-peva\/despot\/'><img loading=\"lazy\" decoding=\"async\" width=\"150\" height=\"150\" src=\"https:\/\/centralmedia.rs\/wp-content\/uploads\/2023\/11\/despot-150x150.jpg\" class=\"attachment-thumbnail size-thumbnail\" alt=\"\" \/><\/a>\n\t\t\t<\/div><\/figure><figure class='gallery-item'>\n\t\t\t<div class='gallery-icon landscape'>\n\t\t\t\t<a href='https:\/\/centralmedia.rs\/index.php\/2023\/11\/20\/posle-80-godina-tisine-manastir-manasija-ponovo-peva\/ignjatije\/'><img loading=\"lazy\" decoding=\"async\" width=\"150\" height=\"150\" src=\"https:\/\/centralmedia.rs\/wp-content\/uploads\/2023\/11\/ignjatije-150x150.jpg\" class=\"attachment-thumbnail size-thumbnail\" alt=\"\" \/><\/a>\n\t\t\t<\/div><\/figure><figure class='gallery-item'>\n\t\t\t<div class='gallery-icon landscape'>\n\t\t\t\t<a href='https:\/\/centralmedia.rs\/index.php\/2023\/11\/20\/posle-80-godina-tisine-manastir-manasija-ponovo-peva\/zvono4\/'><img loading=\"lazy\" decoding=\"async\" width=\"150\" height=\"150\" src=\"https:\/\/centralmedia.rs\/wp-content\/uploads\/2023\/11\/zvono4-150x150.jpg\" class=\"attachment-thumbnail size-thumbnail\" alt=\"\" \/><\/a>\n\t\t\t<\/div><\/figure>\n\t\t<\/div>\n\n<p>Osve\u0161tana su tri novoizra\u0111ena zvona i jedno starije, dobijeno na poklon od kralja Aleksandra 1924. godine, prona\u0111eno na skrovitom mestu, prilikom rekonstrukcije stepeni\u0161ta. Velika crkvena zvona ponovo zvone sa zvonik kule manastira Manasija. Ponovo \u00a0peva Manasija. Ovo je istorijski trenutak, kome svedo\u010dimo, \u00a0jer nedostajala je, sve do sada Manasiji, gromoglasna pesma zvona, \u201esa vrh starog grada&#8221;.<\/p>\n","protected":false},"excerpt":{"rendered":"<p>&nbsp; DESPOTOVAC- \u00a0Svetom Arhijerejskom Liturgijom koju je slu\u017eio episkop brani\u010devski\u00a0 Ignatije obavljen je \u010din osve\u0107enja zvona manastira Manasija. Posle 80 godina ti\u0161ine ponovo dolinom Resave &hellip; <\/p>\n","protected":false},"author":2,"featured_media":36960,"comment_status":"open","ping_status":"open","sticky":false,"template":"","format":"standard","meta":{"footnotes":""},"categories":[5786,1518,14,1524,2,887,12],"tags":[51,6381,54,4518],"_links":{"self":[{"href":"https:\/\/centralmedia.rs\/index.php\/wp-json\/wp\/v2\/posts\/36959"}],"collection":[{"href":"https:\/\/centralmedia.rs\/index.php\/wp-json\/wp\/v2\/posts"}],"about":[{"href":"https:\/\/centralmedia.rs\/index.php\/wp-json\/wp\/v2\/types\/post"}],"author":[{"embeddable":true,"href":"https:\/\/centralmedia.rs\/index.php\/wp-json\/wp\/v2\/users\/2"}],"replies":[{"embeddable":true,"href":"https:\/\/centralmedia.rs\/index.php\/wp-json\/wp\/v2\/comments?post=36959"}],"version-history":[{"count":1,"href":"https:\/\/centralmedia.rs\/index.php\/wp-json\/wp\/v2\/posts\/36959\/revisions"}],"predecessor-version":[{"id":36967,"href":"https:\/\/centralmedia.rs\/index.php\/wp-json\/wp\/v2\/posts\/36959\/revisions\/36967"}],"wp:featuredmedia":[{"embeddable":true,"href":"https:\/\/centralmedia.rs\/index.php\/wp-json\/wp\/v2\/media\/36960"}],"wp:attachment":[{"href":"https:\/\/centralmedia.rs\/index.php\/wp-json\/wp\/v2\/media?parent=36959"}],"wp:term":[{"taxonomy":"category","embeddable":true,"href":"https:\/\/centralmedia.rs\/index.php\/wp-json\/wp\/v2\/categories?post=36959"},{"taxonomy":"post_tag","embeddable":true,"href":"https:\/\/centralmedia.rs\/index.php\/wp-json\/wp\/v2\/tags?post=36959"}],"curies":[{"name":"wp","href":"https:\/\/api.w.org\/{rel}","templated":true}]}}