{"id":36992,"date":"2023-11-30T13:30:24","date_gmt":"2023-11-30T12:30:24","guid":{"rendered":"http:\/\/centralmedia.rs\/?p=36992"},"modified":"2023-12-05T21:40:27","modified_gmt":"2023-12-05T20:40:27","slug":"jedina-opstina-u-srbiji-rekovac-baca-smece-na-divlju-deponiju","status":"publish","type":"post","link":"https:\/\/centralmedia.rs\/index.php\/2023\/11\/30\/jedina-opstina-u-srbiji-rekovac-baca-smece-na-divlju-deponiju\/","title":{"rendered":"JEDINA OP\u0160TINA  U SRBIJI &#8211; REKOVAC BACA SME\u0106E NA DIVLJU DEPONIJU"},"content":{"rendered":"<p>&nbsp;<\/p>\n<p>REKOVAC- Lokalni politi\u010dari potenciraju da su Rekovac i Leva\u010d \u010dista ekolo\u0161ka sredina,\u00a0 oaza zdravlja sred Srbije, ali kada je re\u010d o za\u0161titi \u017eivotne sredine nazadovanje je o\u010digledno u oblasima gde gazduje op\u0161tina a pre svega zbrinjavanju komunalnog otpada.<\/p>\n<div id='gallery-1' class='gallery galleryid-36992 gallery-columns-7 gallery-size-thumbnail'><figure class='gallery-item'>\n\t\t\t<div class='gallery-icon landscape'>\n\t\t\t\t<a href='https:\/\/centralmedia.rs\/index.php\/2023\/11\/30\/jedina-opstina-u-srbiji-rekovac-baca-smece-na-divlju-deponiju\/divlja-deponija-rekovac\/'><img loading=\"lazy\" decoding=\"async\" width=\"150\" height=\"150\" src=\"https:\/\/centralmedia.rs\/wp-content\/uploads\/2023\/11\/divlja-deponija-rekovac-150x150.jpg\" class=\"attachment-thumbnail size-thumbnail\" alt=\"\" \/><\/a>\n\t\t\t<\/div><\/figure><figure class='gallery-item'>\n\t\t\t<div class='gallery-icon landscape'>\n\t\t\t\t<a href='https:\/\/centralmedia.rs\/index.php\/2023\/11\/30\/jedina-opstina-u-srbiji-rekovac-baca-smece-na-divlju-deponiju\/divlja-deponija-rekovac1\/'><img loading=\"lazy\" decoding=\"async\" width=\"150\" height=\"150\" src=\"https:\/\/centralmedia.rs\/wp-content\/uploads\/2023\/11\/divlja-deponija-rekovac1-150x150.jpg\" class=\"attachment-thumbnail size-thumbnail\" alt=\"\" \/><\/a>\n\t\t\t<\/div><\/figure><figure class='gallery-item'>\n\t\t\t<div class='gallery-icon landscape'>\n\t\t\t\t<a href='https:\/\/centralmedia.rs\/index.php\/2023\/11\/30\/jedina-opstina-u-srbiji-rekovac-baca-smece-na-divlju-deponiju\/divlja-deponija-rekovac2\/'><img loading=\"lazy\" decoding=\"async\" width=\"150\" height=\"150\" src=\"https:\/\/centralmedia.rs\/wp-content\/uploads\/2023\/11\/divlja-deponija-rekovac2-150x150.jpg\" class=\"attachment-thumbnail size-thumbnail\" alt=\"\" \/><\/a>\n\t\t\t<\/div><\/figure><figure class='gallery-item'>\n\t\t\t<div class='gallery-icon landscape'>\n\t\t\t\t<a href='https:\/\/centralmedia.rs\/index.php\/2023\/11\/30\/jedina-opstina-u-srbiji-rekovac-baca-smece-na-divlju-deponiju\/divlja-deponija-rekovac3\/'><img loading=\"lazy\" decoding=\"async\" width=\"150\" height=\"150\" src=\"https:\/\/centralmedia.rs\/wp-content\/uploads\/2023\/11\/divlja-deponija-rekovac3-150x150.jpg\" class=\"attachment-thumbnail size-thumbnail\" alt=\"\" \/><\/a>\n\t\t\t<\/div><\/figure><figure class='gallery-item'>\n\t\t\t<div class='gallery-icon landscape'>\n\t\t\t\t<a href='https:\/\/centralmedia.rs\/index.php\/2023\/11\/30\/jedina-opstina-u-srbiji-rekovac-baca-smece-na-divlju-deponiju\/divlja-deponija-rekovac4\/'><img loading=\"lazy\" decoding=\"async\" width=\"150\" height=\"150\" src=\"https:\/\/centralmedia.rs\/wp-content\/uploads\/2023\/11\/divlja-deponija-rekovac4-150x150.jpg\" class=\"attachment-thumbnail size-thumbnail\" alt=\"\" \/><\/a>\n\t\t\t<\/div><\/figure><figure class='gallery-item'>\n\t\t\t<div class='gallery-icon landscape'>\n\t\t\t\t<a href='https:\/\/centralmedia.rs\/index.php\/2023\/11\/30\/jedina-opstina-u-srbiji-rekovac-baca-smece-na-divlju-deponiju\/divlja-deponija-rekovac5\/'><img loading=\"lazy\" decoding=\"async\" width=\"150\" height=\"150\" src=\"https:\/\/centralmedia.rs\/wp-content\/uploads\/2023\/11\/divlja-deponija-rekovac5-150x150.jpg\" class=\"attachment-thumbnail size-thumbnail\" alt=\"\" \/><\/a>\n\t\t\t<\/div><\/figure><figure class='gallery-item'>\n\t\t\t<div class='gallery-icon landscape'>\n\t\t\t\t<a href='https:\/\/centralmedia.rs\/index.php\/2023\/11\/30\/jedina-opstina-u-srbiji-rekovac-baca-smece-na-divlju-deponiju\/divlja-deponija-rekovac6\/'><img loading=\"lazy\" decoding=\"async\" width=\"150\" height=\"150\" src=\"https:\/\/centralmedia.rs\/wp-content\/uploads\/2023\/11\/divlja-deponija-rekovac6-150x150.jpg\" class=\"attachment-thumbnail size-thumbnail\" alt=\"\" \/><\/a>\n\t\t\t<\/div><\/figure>\n\t\t<\/div>\n\n<p>Sve ja\u010da verbalizacija imenice ekologija, dovela je do toga da ta op\u0161tina sme\u0107e zbrinjava na divljoj deponiji. Ruglo Rekovca i Lev\u010da ide na du\u0161u svih politi\u010dara koji su bili u vlasti, naro\u010dito trenutninim vlastodr\u0161cima. Zanimaju ih ve\u0107e teme \u2013 litijum i ostale nacionalne krefeke, ali ih ne dodiruje mogu\u0107nost zaraza kod sakuplja\u010da sekundarnih sirovina, \u0161irenja besnila kod pasa lutalica i po\u017eara, koja je velika. Divlja deponija je otvorena, nema \u010duvara niti ma\u0161ina, \u00a0sme\u0107e je po putu koji vodi ka okolnim selima, tu svakodnevno prolaze deca, ispod deponije su parcele sa vo\u0107em. Svi zatvaraju o\u010di pred problemom, to \u010dak nije ni tema izbora.<\/p>\n<p>-Zakazivao sam 20 sastanaka do sada na temu divlje deponije, ni\u0161ta nije ura\u0111eno. Sanacija \u0107e sa\u010dekati da se odr\u017ee izbori. To je ne daj bo\u017ee, opasnost od zaraze, po\u017eara je velika. Op\u0161tina nema sredstava da re\u0161i tu situaciju, svi dosada\u0161nji poku\u0161aji su neadekvatni i tro\u0161enje novca uzalud. Zalagao sam se da se deponija sanira, napravi recikla\u017eno ostrvo i sme\u0107e doveze na regionalnu deponiju, ali po toni sme\u0107a je cena 50 do 70 evra. Imali smo ponudu od partnera iz Lapova da formiramo zajedni\u010dku firmu sa me\u0161ovitim vlasni\u0161tvom, da se prihvate radnici, dodaju jo\u0161 dva vozila i svako doma\u0107instvo da dobije kantu. Izgradnja recikla\u017enog ostrva i betoniranje. \u00a0Sme\u0107e sa deponije bi se uz pomo\u0107 dr\u017eave sukcesivno izvozilo. Zakazao sam se sednicu, ali ka\u017eu op\u0161tinski pravnici da ne mo\u017ee da se odr\u017ei jer je raspu\u0161tena SO, ka\u017ee predsednik lokalnog Saveta za ekologiju i \u017eivotnu sredinu Zoran Radoji\u010di\u0107.<\/p>\n<p>Iz novog Prostornog plana Op\u0161tine Rekovac:<\/p>\n<p>U Glavi II PLANSKA RE\u0160ENjA PROSTORNOG RAZVOJA, u odeljku II 6.<\/p>\n<p>Prostorni razvoj saobra\u0107aja i infrastrukturnih sistema i povezivanje sa<\/p>\n<p>regionalnim infrastrukturnim mre\u017eama, pododeljak Komunalna infrastruktura,<\/p>\n<p>Deponija menja se ceo pododeljak i glasi:<\/p>\n<p>\u201eDeponija op\u0161tine Rekovac se nalazi na lokalitetu \u201eValoge\u201c, sa desne strane<\/p>\n<p>puta Rekovac-Ursule, na udaljenosti oko 2 km od centra Op\u0161tine. Deponija na ovoj<\/p>\n<p>lokaciji se koristi vi\u0161e od 20 godina, a njena trenutna raspolo\u017eiva povr\u0161ina iznosi<\/p>\n<p>1,1 ha. Svrstana je u kategoriju K3 \u2013 zvani\u010dne deponije-smetli\u0161ta koja se mo\u017ee koristiti<\/p>\n<p>jo\u0161 5 godina, pod uslovom da se prethodno izvr\u0161i njena sanacija sa minimalnim merama<\/p>\n<p>za\u0161tite. Radovi predvi\u0111eni za sanaciju, zatvaranje i rekultivaciju deponije su<\/p>\n<p>podeljene u tri faze. Prva faza podrazumeva sanaciju postoje\u0107eg stanja (deratizacija,<\/p>\n<p>ga\u0161enje po\u017eara, formiranje pravilnog tela deponije, formiranje obodnog makadamskog<\/p>\n<p>puta itd.). U drugoj fazi je planirano organizovano deponovanje otpada do zatvaranja<\/p>\n<p>(formiranje prijemno-otpremne zone, zone budu\u0107eg deponovanja i separacije). U<\/p>\n<p>poslednjoj, tre\u0107oj fazi je planirana etapa tehni\u010dke i biolo\u0161ke rekultivacije deponije.<\/p>\n<p>Pored \u201ezvani\u010dne\u201c nesanitarne deponije u Op\u0161tini su identifikovane brojne<\/p>\n<p>divlje deponije. Veliki ekolo\u0161ki i zdravstveni problem pravi animalni otpad koji<\/p>\n<p>zavr\u0161ava na smetli\u0161tima.<\/p>\n<p>Op\u0161tina je deponovanje sme\u0107a u dugoro\u010dnom periodu re\u0161ila kroz u\u010de\u0161\u0107e u<\/p>\n<p>otvaranju regionalne deponije.<\/p>\n<p>Op\u0161tine Rekovac, Aran\u0111elovac i Kni\u0107 i Grad Kragujevac potpisali su Sporazum<\/p>\n<p>o zainteresovanosti za uspostavljanje saradnje u cilju utvr\u0111ivanja zajedni\u010dkog interesa<\/p>\n<p>za obavljanje komunalne delatnosti \u2013 upravljanja otpadom. To bi doprinelo trajnom<\/p>\n<p>re\u0161enju odlaganja otpada sa teritorija op\u0161tina regiona, a deponija je predv\u0111ena na<\/p>\n<p>teritoriji op\u0161tine Kragujevac.<\/p>\n<p>Recikla\u017eno dvori\u0161te je planirano u samom Rekovcu, na lokaciji odre\u0111enoj<\/p>\n<p>urbanisti\u010dkom dokumentacijom.\u201c<\/p>\n","protected":false},"excerpt":{"rendered":"<p>&nbsp; REKOVAC- Lokalni politi\u010dari potenciraju da su Rekovac i Leva\u010d \u010dista ekolo\u0161ka sredina,\u00a0 oaza zdravlja sred Srbije, ali kada je re\u010d o za\u0161titi \u017eivotne sredine &hellip; <\/p>\n","protected":false},"author":2,"featured_media":36993,"comment_status":"open","ping_status":"open","sticky":false,"template":"","format":"standard","meta":{"footnotes":""},"categories":[1524,2,1519,16,12],"tags":[576,441],"_links":{"self":[{"href":"https:\/\/centralmedia.rs\/index.php\/wp-json\/wp\/v2\/posts\/36992"}],"collection":[{"href":"https:\/\/centralmedia.rs\/index.php\/wp-json\/wp\/v2\/posts"}],"about":[{"href":"https:\/\/centralmedia.rs\/index.php\/wp-json\/wp\/v2\/types\/post"}],"author":[{"embeddable":true,"href":"https:\/\/centralmedia.rs\/index.php\/wp-json\/wp\/v2\/users\/2"}],"replies":[{"embeddable":true,"href":"https:\/\/centralmedia.rs\/index.php\/wp-json\/wp\/v2\/comments?post=36992"}],"version-history":[{"count":4,"href":"https:\/\/centralmedia.rs\/index.php\/wp-json\/wp\/v2\/posts\/36992\/revisions"}],"predecessor-version":[{"id":37033,"href":"https:\/\/centralmedia.rs\/index.php\/wp-json\/wp\/v2\/posts\/36992\/revisions\/37033"}],"wp:featuredmedia":[{"embeddable":true,"href":"https:\/\/centralmedia.rs\/index.php\/wp-json\/wp\/v2\/media\/36993"}],"wp:attachment":[{"href":"https:\/\/centralmedia.rs\/index.php\/wp-json\/wp\/v2\/media?parent=36992"}],"wp:term":[{"taxonomy":"category","embeddable":true,"href":"https:\/\/centralmedia.rs\/index.php\/wp-json\/wp\/v2\/categories?post=36992"},{"taxonomy":"post_tag","embeddable":true,"href":"https:\/\/centralmedia.rs\/index.php\/wp-json\/wp\/v2\/tags?post=36992"}],"curies":[{"name":"wp","href":"https:\/\/api.w.org\/{rel}","templated":true}]}}