{"id":37035,"date":"2023-12-04T12:32:32","date_gmt":"2023-12-04T11:32:32","guid":{"rendered":"http:\/\/centralmedia.rs\/?p=37035"},"modified":"2023-12-07T23:59:02","modified_gmt":"2023-12-07T22:59:02","slug":"parlamentarni-i-lokalni-izbori-2023","status":"publish","type":"post","link":"https:\/\/centralmedia.rs\/index.php\/2023\/12\/04\/parlamentarni-i-lokalni-izbori-2023\/","title":{"rendered":"PARLAMENTARNI I LOKALNI IZBORI 2023"},"content":{"rendered":"<p>&nbsp;<\/p>\n<p>U Srbiji c\u0301e 17. decembra biti odr\u017eani vanredni parlamentarni i lokalni izbori, kao i pokrajinski izbori u AP Vojvodini. Lokalni izbori c\u0301e se odr\u017eati u 65 gradova i op\u0161tina.<\/p>\n<p>Republi\u010dka izborna komisija utvrdila je zbirnu izbornu listu kandidata za u\u010de\u0161c\u0301e na parlamentarnim izborima na kojoj je 18 lista sa 2.817 kandidata predlo\u017eenih za 250 poslani\u010dkih mesta.<\/p>\n<p>Zbirna lista c\u0301e biti istaknuta na svakom bira\u010dkom mestu u Srbiji, a na glasa\u010dkim listic\u0301ima koji c\u0301e se nac\u0301i pred bira\u010dima izborne liste bic\u0301e raspore\u0111ene po redosledu njihovog progla\u0161enja U Pomoravskom okrugu lokalni izbori bi\u0107e odr\u017eani u \u010detiri op\u0161tine<\/p>\n<p>PARA\u0106IN<\/p>\n<p>5.PARA\u0106IN PROTIV NASILjA \u2013 SSP,SRCE<\/p>\n<p>4.ALEKSANDAR VU\u010cI\u0106- PARA\u0106IN NE SME DA STANE<\/p>\n<p>3.UJEDINjENA OPOZICIJA PARA\u0106INA \u2013 BOJAN JOVANOVI\u0106<\/p>\n<p>2.POKS-NADA ZA PARA\u0106IN \u2014 NOVI DSS \u2014 NEMANjA RADOMIROVI\u0106<\/p>\n<p>1.SOCIJALISTI\u010cKA PARTIJA SRBIJE &#8211; IVICA DA\u010cI\u0106 \u2013 PREMIJER SRBIJE<\/p>\n<p>&nbsp;<\/p>\n<p>REKOVAC<\/p>\n<p>5.SRBIJA PROTIV NASILjA-REKOVAC<\/p>\n<p>4.GRUPA GRA\u0110ANA &#8220;SLO\u017dNO ZA BOLjI LEVA\u010c&#8221;<\/p>\n<p>3.GRUPA GRA\u0110ANA DR DRAGAN PRODANOVI\u0106<\/p>\n<p>2.IVICA DA\u010cI\u0106 PREMIJER SRBIJE<\/p>\n<p>1.ALEKSANDAR VU\u010cI\u0106-REKOVAC NE SME DA STANE<\/p>\n<p>&nbsp;<\/p>\n<p>DESPOTOVAC<\/p>\n<p>6.&#8221;JEDINSTVENA SRBIJA &#8211; DRAGAN MARKOVI\u0106 PALMA&#8221;<\/p>\n<p>5.\u201cZA PREPOROD OP\u0160TINE DESPOTOVAC\u201d<\/p>\n<p>4.POBEDE, A NE PODELE! \u2013 SRPSKI POKRET DVERI &#8211; BUNT-PRAVA SRBIJA \u2013 BUNT-NASTO\u042f\u0429A\u042f SERBI\u042f<\/p>\n<p>3.&#8221;UJEDINjENI ZA RESAVU&#8221;<\/p>\n<p>2.IVICA DA\u010cI\u0106 &#8211; PREMIJER SRBIJE<\/p>\n<p>1.ALEKSANDAR VU\u010cI\u0106 &#8211; DESPOTOVAC NE SME DA STANE<\/p>\n<p>&nbsp;<\/p>\n<p>\u0106UPRIJA<\/p>\n<ol start=\"5\">\n<li>JEDINSTVENA SRBIJA &#8211; DRAGAN MARKOVI\u0106 PALMA \u2013 DOMA\u0106INSKI<\/li>\n<\/ol>\n<p>4.MILICA \u0110UR\u0110EVI\u0106 STAMENKOVSKI \u2013 SRPSKA STRANKA ZAVETNICI<\/p>\n<ol start=\"3\">\n<li>SRBIJA PROTIV NASILjA &#8211; \u0106UPRIJA &#8211; MIROSLAV MIKI ALEKSI\u0106 &#8211; MARINIKA TEPI\u0106 (STRANKA SLOBODE I PRAVDE, NARODNI POKRET SRBIJE, DEMOKRATSKA STRANKA)<\/li>\n<li>IVICA DA\u010cI\u0106 &#8211; PREMIJER SRBIJE<\/li>\n<\/ol>\n<p>1.ALEKSANDAR VU\u010cI\u0106 &#8211; \u0106UPRIJA NE SME DA STANE<\/p>\n","protected":false},"excerpt":{"rendered":"<p>&nbsp; U Srbiji c\u0301e 17. decembra biti odr\u017eani vanredni parlamentarni i lokalni izbori, kao i pokrajinski izbori u AP Vojvodini. Lokalni izbori c\u0301e se odr\u017eati &hellip; <\/p>\n","protected":false},"author":2,"featured_media":37036,"comment_status":"open","ping_status":"open","sticky":false,"template":"","format":"standard","meta":{"footnotes":""},"categories":[1515,1518,1524,2,1516,13,1519,12],"tags":[6390,6394,5739],"_links":{"self":[{"href":"https:\/\/centralmedia.rs\/index.php\/wp-json\/wp\/v2\/posts\/37035"}],"collection":[{"href":"https:\/\/centralmedia.rs\/index.php\/wp-json\/wp\/v2\/posts"}],"about":[{"href":"https:\/\/centralmedia.rs\/index.php\/wp-json\/wp\/v2\/types\/post"}],"author":[{"embeddable":true,"href":"https:\/\/centralmedia.rs\/index.php\/wp-json\/wp\/v2\/users\/2"}],"replies":[{"embeddable":true,"href":"https:\/\/centralmedia.rs\/index.php\/wp-json\/wp\/v2\/comments?post=37035"}],"version-history":[{"count":1,"href":"https:\/\/centralmedia.rs\/index.php\/wp-json\/wp\/v2\/posts\/37035\/revisions"}],"predecessor-version":[{"id":37037,"href":"https:\/\/centralmedia.rs\/index.php\/wp-json\/wp\/v2\/posts\/37035\/revisions\/37037"}],"wp:featuredmedia":[{"embeddable":true,"href":"https:\/\/centralmedia.rs\/index.php\/wp-json\/wp\/v2\/media\/37036"}],"wp:attachment":[{"href":"https:\/\/centralmedia.rs\/index.php\/wp-json\/wp\/v2\/media?parent=37035"}],"wp:term":[{"taxonomy":"category","embeddable":true,"href":"https:\/\/centralmedia.rs\/index.php\/wp-json\/wp\/v2\/categories?post=37035"},{"taxonomy":"post_tag","embeddable":true,"href":"https:\/\/centralmedia.rs\/index.php\/wp-json\/wp\/v2\/tags?post=37035"}],"curies":[{"name":"wp","href":"https:\/\/api.w.org\/{rel}","templated":true}]}}