{"id":37038,"date":"2023-12-04T12:34:59","date_gmt":"2023-12-04T11:34:59","guid":{"rendered":"http:\/\/centralmedia.rs\/?p=37038"},"modified":"2023-12-05T21:40:54","modified_gmt":"2023-12-05T20:40:54","slug":"izbori-2023-maja-gojkovic-u-poseti-zlatiboru","status":"publish","type":"post","link":"https:\/\/centralmedia.rs\/index.php\/2023\/12\/04\/izbori-2023-maja-gojkovic-u-poseti-zlatiboru\/","title":{"rendered":"IZBORI 2023 &#8211; Maja Gojkovi\u0107 u poseti Zlatiboru"},"content":{"rendered":"<p>\u010clanica Predsedni\u0161tva Srpske napredne stranke Maja Gojkovi\u0107 razgovarala je sa \u017eenama Zlatibora i \u010cajetine i tom prilikom poru\u010dila da su \u017eene snaga bez koje nema razvoja dru\u0161tva i dr\u017eave. \u201dImala sam divnu priliku da razgovaram sa \u017eenama koje rade i \u017eive na Zlatiboru i \u010cajetini o tome \u0161ta mo\u017eemo da uradimo da dodatno unapredimo polo\u017eaj \u017eena i pomognemo dalji razvoj ovog dela na\u0161e zemlje u svim segmentima, pa tako i u oblasti kulture\u201d, rekla je Gojkovi\u0107. Gojkovi\u0107 je napomenula da se u poslednje tri godine zna\u010dajno ula\u017ee u obnovu ustanova kulture \u0161irom Srbije i da je 109 domova kulture, muzeja, galerija i pozori\u0161ta obnovljeno i adaptirano kako bi to postale moderno ustanove, a gra\u0111ani dobili kulturne sadr\u017eaje.<\/p>\n<p><img loading=\"lazy\" decoding=\"async\" class=\"alignnone wp-image-37039 size-large\" src=\"http:\/\/centralmedia.rs\/wp-content\/uploads\/2023\/12\/maja-gojkovic-1-1024x683.jpg\" alt=\"\" width=\"640\" height=\"427\" srcset=\"https:\/\/centralmedia.rs\/wp-content\/uploads\/2023\/12\/maja-gojkovic-1-1024x683.jpg 1024w, https:\/\/centralmedia.rs\/wp-content\/uploads\/2023\/12\/maja-gojkovic-1-300x200.jpg 300w, https:\/\/centralmedia.rs\/wp-content\/uploads\/2023\/12\/maja-gojkovic-1-768x512.jpg 768w, https:\/\/centralmedia.rs\/wp-content\/uploads\/2023\/12\/maja-gojkovic-1-630x420.jpg 630w, https:\/\/centralmedia.rs\/wp-content\/uploads\/2023\/12\/maja-gojkovic-1-640x427.jpg 640w, https:\/\/centralmedia.rs\/wp-content\/uploads\/2023\/12\/maja-gojkovic-1-681x454.jpg 681w, https:\/\/centralmedia.rs\/wp-content\/uploads\/2023\/12\/maja-gojkovic-1.jpg 1800w\" sizes=\"(max-width: 640px) 100vw, 640px\" \/><\/p>\n<p>\u201dVa\u017eno je da obratimo pa\u017enju na decentralizaciju kulture i poma\u017eemo izgradnju i obnovu mnogih domova kulture, muzeja, galerija \u0161irom zemlje. Izdvojilo smo 10 miliona dinara za rekonstrukciju doma kulture u Sirogojnu i to je prva faza radova, o\u010dekujem da se u toku slede\u0107e godine zavr\u0161i ta scena\u201d, rekla je Gojkovi\u0107 i dodala da je Zlatiboru potreban nacionalni filmski festival koji \u0107e obogatiti kulturni sadr\u017eaj ovom turisti\u010dkom mestu. Predsednik Zdrave Srbije Milan Stamatovi\u0107 je podsetio da je lokalna samouprava mnogo ranije konkurisala za ova sredstva sufinansiranja obnove doma kulture u Sirogojnu i da je lokalna samouprava tako\u0111e ulo\u017eila 10 miliona dinara u realizaciju ovog projekta, dodav\u0161i da u narednoj godini predstoji opremanje ovog objekta.<\/p>\n<p>\u201eI druge na\u0161e ustanove kulture su u\u010destvovali na konkursima kod ministarstva, od biblioteke do kulturno-sportskog centra, i dobijali smo neke manje iznose za realizaciju tih projekata. Pro\u0161iruju\u0107i ponudu sadr\u017eaja kulture, naredne godine, negde u septembru, o\u010dekuje nas pokretanje novog filmskog festivala na Zlatiboru (uz ve\u0107 postoje\u0107i, tradicionalni Me\u0111unarodni festival sportskog filma). Isto kao \u0161to i na\u0161 susedni grad U\u017eice ima svoj dobro poznati pozori\u0161ni festival, sada \u0107e i op\u0161tina \u010cajetina biti prepoznatljiva na mapi kulture Srbije po tom novom filmskom festivalu koji \u0107e predstavljati dobru ponudu i za op\u0161tine i gradove u okru\u017eenju\u201c zaklju\u010dio je Stamatovi\u0107.<\/p>\n","protected":false},"excerpt":{"rendered":"<p>\u010clanica Predsedni\u0161tva Srpske napredne stranke Maja Gojkovi\u0107 razgovarala je sa \u017eenama Zlatibora i \u010cajetine i tom prilikom poru\u010dila da su \u017eene snaga bez koje nema &hellip; <\/p>\n","protected":false},"author":2,"featured_media":37040,"comment_status":"open","ping_status":"open","sticky":false,"template":"","format":"standard","meta":{"footnotes":""},"categories":[2875,1524,2,13,12],"tags":[2762,6390,5065],"_links":{"self":[{"href":"https:\/\/centralmedia.rs\/index.php\/wp-json\/wp\/v2\/posts\/37038"}],"collection":[{"href":"https:\/\/centralmedia.rs\/index.php\/wp-json\/wp\/v2\/posts"}],"about":[{"href":"https:\/\/centralmedia.rs\/index.php\/wp-json\/wp\/v2\/types\/post"}],"author":[{"embeddable":true,"href":"https:\/\/centralmedia.rs\/index.php\/wp-json\/wp\/v2\/users\/2"}],"replies":[{"embeddable":true,"href":"https:\/\/centralmedia.rs\/index.php\/wp-json\/wp\/v2\/comments?post=37038"}],"version-history":[{"count":2,"href":"https:\/\/centralmedia.rs\/index.php\/wp-json\/wp\/v2\/posts\/37038\/revisions"}],"predecessor-version":[{"id":37042,"href":"https:\/\/centralmedia.rs\/index.php\/wp-json\/wp\/v2\/posts\/37038\/revisions\/37042"}],"wp:featuredmedia":[{"embeddable":true,"href":"https:\/\/centralmedia.rs\/index.php\/wp-json\/wp\/v2\/media\/37040"}],"wp:attachment":[{"href":"https:\/\/centralmedia.rs\/index.php\/wp-json\/wp\/v2\/media?parent=37038"}],"wp:term":[{"taxonomy":"category","embeddable":true,"href":"https:\/\/centralmedia.rs\/index.php\/wp-json\/wp\/v2\/categories?post=37038"},{"taxonomy":"post_tag","embeddable":true,"href":"https:\/\/centralmedia.rs\/index.php\/wp-json\/wp\/v2\/tags?post=37038"}],"curies":[{"name":"wp","href":"https:\/\/api.w.org\/{rel}","templated":true}]}}