{"id":37073,"date":"2023-12-05T17:28:12","date_gmt":"2023-12-05T16:28:12","guid":{"rendered":"http:\/\/centralmedia.rs\/?p=37073"},"modified":"2023-12-07T23:59:16","modified_gmt":"2023-12-07T22:59:16","slug":"izbori-2023-centar-za-kulturu-u-despotovcu-instalirao-sistem-za-klimatizaciju","status":"publish","type":"post","link":"https:\/\/centralmedia.rs\/index.php\/2023\/12\/05\/izbori-2023-centar-za-kulturu-u-despotovcu-instalirao-sistem-za-klimatizaciju\/","title":{"rendered":"IZBORI 2023. &#8211; CENTAR ZA KULTURU U DESPOTOVCU INSTALIRAO SISTEM ZA KLIMATIZACIJU"},"content":{"rendered":"<p>&nbsp;<\/p>\n<p>DESPOTOVAC- U Despotovcu, na terasi Centra za kulturu, postavljen jedan od najmodernijih sistema za grejanje, hla\u0111enje i ventilaciju pozori\u0161ne sale i scenskog prostora. To je tre\u0107i takav sistem u na\u0161oj zemlji, a Op\u0161tina Despotovac je sredstva obezbedila na konkursu Ministarstva kulture \u201eGradovi u fokusu 2023\u201c. Centar za kulturu u Despotovcu danas izgleda mnogo druga\u010dije nego pre jedne decenije i sada je jedan od najmodernijih u Srbiji.<\/p>\n<div id='gallery-1' class='gallery galleryid-37073 gallery-columns-3 gallery-size-thumbnail'><figure class='gallery-item'>\n\t\t\t<div class='gallery-icon portrait'>\n\t\t\t\t<a href='https:\/\/centralmedia.rs\/index.php\/2023\/12\/05\/izbori-2023-centar-za-kulturu-u-despotovcu-instalirao-sistem-za-klimatizaciju\/centar-za-kulturu-3\/'><img loading=\"lazy\" decoding=\"async\" width=\"150\" height=\"150\" src=\"https:\/\/centralmedia.rs\/wp-content\/uploads\/2023\/12\/centar-za-kulturu-150x150.jpg\" class=\"attachment-thumbnail size-thumbnail\" alt=\"\" \/><\/a>\n\t\t\t<\/div><\/figure><figure class='gallery-item'>\n\t\t\t<div class='gallery-icon portrait'>\n\t\t\t\t<a href='https:\/\/centralmedia.rs\/index.php\/2023\/12\/05\/izbori-2023-centar-za-kulturu-u-despotovcu-instalirao-sistem-za-klimatizaciju\/centar-za-kulturu1-2\/'><img loading=\"lazy\" decoding=\"async\" width=\"150\" height=\"150\" src=\"https:\/\/centralmedia.rs\/wp-content\/uploads\/2023\/12\/centar-za-kulturu1-150x150.jpg\" class=\"attachment-thumbnail size-thumbnail\" alt=\"\" \/><\/a>\n\t\t\t<\/div><\/figure><figure class='gallery-item'>\n\t\t\t<div class='gallery-icon portrait'>\n\t\t\t\t<a href='https:\/\/centralmedia.rs\/index.php\/2023\/12\/05\/izbori-2023-centar-za-kulturu-u-despotovcu-instalirao-sistem-za-klimatizaciju\/centar-za-kulturu3\/'><img loading=\"lazy\" decoding=\"async\" width=\"150\" height=\"150\" src=\"https:\/\/centralmedia.rs\/wp-content\/uploads\/2023\/12\/centar-za-kulturu3-150x150.jpg\" class=\"attachment-thumbnail size-thumbnail\" alt=\"\" \/><\/a>\n\t\t\t<\/div><\/figure>\n\t\t<\/div>\n\n<p>Nakon \u0161to je prisustvovao postavljanju sistema za grejanje, hla\u0111enje i ventilaciju, predsednik Privremenog organa op\u0161tine Despotovac dr Zlatko Marjanovi\u0107 se uputio za Pla\u017eane. Tamo se sastao sa predsednikom Mesne zajednice \u017deljkom Radosavljevi\u0107em i sa njim obi\u0161ao radove na rekonstrukciji \u010ditaonice koja se nalazi u okviru Doma kulture.<\/p>\n","protected":false},"excerpt":{"rendered":"<p>&nbsp; DESPOTOVAC- U Despotovcu, na terasi Centra za kulturu, postavljen jedan od najmodernijih sistema za grejanje, hla\u0111enje i ventilaciju pozori\u0161ne sale i scenskog prostora. To &hellip; <\/p>\n","protected":false},"author":2,"featured_media":37074,"comment_status":"open","ping_status":"open","sticky":false,"template":"","format":"standard","meta":{"footnotes":""},"categories":[5786,1518,1524,2,887,16,12],"tags":[2767,51],"_links":{"self":[{"href":"https:\/\/centralmedia.rs\/index.php\/wp-json\/wp\/v2\/posts\/37073"}],"collection":[{"href":"https:\/\/centralmedia.rs\/index.php\/wp-json\/wp\/v2\/posts"}],"about":[{"href":"https:\/\/centralmedia.rs\/index.php\/wp-json\/wp\/v2\/types\/post"}],"author":[{"embeddable":true,"href":"https:\/\/centralmedia.rs\/index.php\/wp-json\/wp\/v2\/users\/2"}],"replies":[{"embeddable":true,"href":"https:\/\/centralmedia.rs\/index.php\/wp-json\/wp\/v2\/comments?post=37073"}],"version-history":[{"count":1,"href":"https:\/\/centralmedia.rs\/index.php\/wp-json\/wp\/v2\/posts\/37073\/revisions"}],"predecessor-version":[{"id":37078,"href":"https:\/\/centralmedia.rs\/index.php\/wp-json\/wp\/v2\/posts\/37073\/revisions\/37078"}],"wp:featuredmedia":[{"embeddable":true,"href":"https:\/\/centralmedia.rs\/index.php\/wp-json\/wp\/v2\/media\/37074"}],"wp:attachment":[{"href":"https:\/\/centralmedia.rs\/index.php\/wp-json\/wp\/v2\/media?parent=37073"}],"wp:term":[{"taxonomy":"category","embeddable":true,"href":"https:\/\/centralmedia.rs\/index.php\/wp-json\/wp\/v2\/categories?post=37073"},{"taxonomy":"post_tag","embeddable":true,"href":"https:\/\/centralmedia.rs\/index.php\/wp-json\/wp\/v2\/tags?post=37073"}],"curies":[{"name":"wp","href":"https:\/\/api.w.org\/{rel}","templated":true}]}}