{"id":37082,"date":"2023-12-06T17:49:35","date_gmt":"2023-12-06T16:49:35","guid":{"rendered":"http:\/\/centralmedia.rs\/?p=37082"},"modified":"2023-12-18T20:04:56","modified_gmt":"2023-12-18T19:04:56","slug":"zimska-sezona-i-nova-godina-na-zlatiboru-sasa-matic-i-trubaci-dejana-jevdevica-na-kraljevom-trgu","status":"publish","type":"post","link":"https:\/\/centralmedia.rs\/index.php\/2023\/12\/06\/zimska-sezona-i-nova-godina-na-zlatiboru-sasa-matic-i-trubaci-dejana-jevdevica-na-kraljevom-trgu\/","title":{"rendered":"ZIMSKA SEZONA I NOVA GODINA NA ZLATIBORU &#8211; SA\u0160A MATI\u0106 I TRUBA\u010cI DEJANA JEV\u0110EVI\u0106A NA KRALJEVOM TRGU"},"content":{"rendered":"<p>&nbsp;<\/p>\n<p>\u010cAJETINA- U zimsku sezonu Zlatibor ulazi sa novim zabavnim sadr\u017eajima koje su najavili Turisti\u010dka organizacija Zlatibor, JP \u201eGold gondola Zlatibor\u201c i Kulturni centar Zlatibor sa ciljem da turisti \u0161to bolje isplaniraju svoje slobodno vreme i predstoje\u0107e prazni\u010dne dane.<\/p>\n<p><img loading=\"lazy\" decoding=\"async\" class=\"alignnone wp-image-37084 size-large\" src=\"http:\/\/centralmedia.rs\/wp-content\/uploads\/2023\/12\/TOZNovogodisnji-praznici-Zlatibor-724x1024.jpg\" alt=\"\" width=\"640\" height=\"905\" srcset=\"https:\/\/centralmedia.rs\/wp-content\/uploads\/2023\/12\/TOZNovogodisnji-praznici-Zlatibor-724x1024.jpg 724w, https:\/\/centralmedia.rs\/wp-content\/uploads\/2023\/12\/TOZNovogodisnji-praznici-Zlatibor-212x300.jpg 212w, https:\/\/centralmedia.rs\/wp-content\/uploads\/2023\/12\/TOZNovogodisnji-praznici-Zlatibor-768x1086.jpg 768w, https:\/\/centralmedia.rs\/wp-content\/uploads\/2023\/12\/TOZNovogodisnji-praznici-Zlatibor-297x420.jpg 297w, https:\/\/centralmedia.rs\/wp-content\/uploads\/2023\/12\/TOZNovogodisnji-praznici-Zlatibor-640x905.jpg 640w, https:\/\/centralmedia.rs\/wp-content\/uploads\/2023\/12\/TOZNovogodisnji-praznici-Zlatibor-681x963.jpg 681w\" sizes=\"(max-width: 640px) 100vw, 640px\" \/><\/p>\n<p>Op\u0161tina \u010cajetina i Turisti\u010dka organizacija Zlatibor su kao i svake godine pripremili bogat program nastupa na Kraljevom trgu za\u00a0 novogodi\u0161nje praznike. Program po\u010dinje ve\u0107 28.decembra de\u010djom Novom godinom, dodelom paketi\u0107a za decu. U pitanju je koncert Leontine i de\u010dijeg hora \u201c\u010carolija\u201d. Tom prilikom \u0107e za svu decu sa teritorije op\u0161tine \u010cajetina biti uru\u010deni paketi\u0107i. Verujemo da \u0107e se mali\u0161ani lepo provesti i da \u0107emo tu tradiciju podele paketi\u0107a nastaviti i u narednim godinama. Za do\u010dek Nove godine, 31. decembra o\u010dekuje nas nastup Sa\u0161e Mati\u0107a sa po\u010detkom u 21 \u010das, u pono\u0107 koncert truba\u010dkog orkestra Dejana Jev\u0111i\u0107a, slu\u017ei\u0107e se kuvano vino, rakija, a u pono\u0107 \u0107e biti vatromet. Prvi januar je rezervisan za koncert \u201eMagla benda\u201c. Tako\u0111e u zlatiborskim hotelima i restoranima priremljen je bogat novogodi\u0161nji program\u201c, rekao je direktor Turisti\u010dke organizacije Zlatibor Vladimir \u017divanovi\u0107.<\/p>\n<div id='gallery-1' class='gallery galleryid-37082 gallery-columns-3 gallery-size-thumbnail'><figure class='gallery-item'>\n\t\t\t<div class='gallery-icon landscape'>\n\t\t\t\t<a href='https:\/\/centralmedia.rs\/index.php\/2023\/12\/06\/zimska-sezona-i-nova-godina-na-zlatiboru-sasa-matic-i-trubaci-dejana-jevdevica-na-kraljevom-trgu\/danica-sisovicvladimir-zivanovicbojana-bozanic\/'><img loading=\"lazy\" decoding=\"async\" width=\"150\" height=\"150\" src=\"https:\/\/centralmedia.rs\/wp-content\/uploads\/2023\/12\/Danica-\u0160i\u0161ovi\u0107Vladimir-\u017divanovi\u0107Bojana-Bo\u017eani\u0107-150x150.jpg\" class=\"attachment-thumbnail size-thumbnail\" alt=\"\" \/><\/a>\n\t\t\t<\/div><\/figure><figure class='gallery-item'>\n\t\t\t<div class='gallery-icon landscape'>\n\t\t\t\t<a href='https:\/\/centralmedia.rs\/index.php\/2023\/12\/06\/zimska-sezona-i-nova-godina-na-zlatiboru-sasa-matic-i-trubaci-dejana-jevdevica-na-kraljevom-trgu\/tornik-2\/'><img loading=\"lazy\" decoding=\"async\" width=\"150\" height=\"150\" src=\"https:\/\/centralmedia.rs\/wp-content\/uploads\/2023\/12\/Tornik-150x150.jpg\" class=\"attachment-thumbnail size-thumbnail\" alt=\"\" \/><\/a>\n\t\t\t<\/div><\/figure><figure class='gallery-item'>\n\t\t\t<div class='gallery-icon landscape'>\n\t\t\t\t<a href='https:\/\/centralmedia.rs\/index.php\/2023\/12\/06\/zimska-sezona-i-nova-godina-na-zlatiboru-sasa-matic-i-trubaci-dejana-jevdevica-na-kraljevom-trgu\/torniksajt\/'><img loading=\"lazy\" decoding=\"async\" width=\"150\" height=\"150\" src=\"https:\/\/centralmedia.rs\/wp-content\/uploads\/2023\/12\/torniksajt-150x150.jpg\" class=\"attachment-thumbnail size-thumbnail\" alt=\"\" \/><\/a>\n\t\t\t<\/div><\/figure>\n\t\t<\/div>\n\n<p>\u201eKao \u0161to su posetioci Gondole navikli, svakog dana u nedelji ih o\u010dekuju neke aktivnosti tokom praznika i cele zimske sezone. Ponedeljak je planiran za sportske aktivnosti, a pre svega nordijsko skijanje ukoliko bude snega. Utorkom \u0107e biti u ponudi topli napici u na\u0161em novom kafi\u0107u sa popustom u okviru Zlatiborske \u010dajanke. Najmla\u0111i \u0107e se najvi\u0161e obradovati sredi kada \u0107e se odvijati besplatne radionice vajanja na snegu, kao i razni drugi zabavno-edukativni sadr\u017eaji. \u010cetvrtak \u0107e biti dan za umetnost kada \u0107e u\u010desnici iskazati kreativnsot kroz slikarstvo i pravljenje tradiconalnih zlatiborskih proizvoda, a ljubitelji stranih i doma\u0107ih hitova u\u017eiva\u0107e u \u017eurkama na Torniku vikendom\u201c, rekla je direktorka JP \u201eGold gondola Zlatibor\u201c Bojana Bo\u017eani\u0107.<\/p>\n<p>\u201ePo prvi put ove godine, uz sve turisti\u010dke sadr\u017eaje, organizova\u0107emo manifestaciju \u201eDuhovnim stopama\u201c koja \u0107e po\u010deti otvaranjem izlo\u017ebe ikona \u201eKa liku\u201c profesora Janji\u0107ijevi\u0107a u saradnji sa jo\u0161 dvoje umetnika. Na programu je duo drama o patrijarhu Pavlu, kao i nastup Bra\u0107e Teofilovi\u0107i u istom duhu. Matija Be\u0107kovi\u0107 nam je potvrdio dolazak, ali \u0107emo tek da preciziramo datum. \u0160kolski Savindan \u0107e biti deo na\u0161e tradicionalne manifestacije u saradnji sa Hramom Preobra\u017eenja Gospodnjeg. U februaru o\u010dekujemo duo dramu Neboj\u0161e Milovanovi\u0107a \u201e\u010covek visine\u201c, to je Predi\u0107eva rasprava o Njego\u0161evom mauzoleju na Lov\u0107enu. Nadam se da \u0107emo od Bo\u017ei\u0107a do Sretenja zaokru\u017eiti kulturnu ponudu na Zlatiboru i ispuniti potrebu posetilaca za takvom vrstom sadr\u017eaja\u201c, rekla je direktorka Kulturnog centra Zlatibor Danica Jevti\u0107 \u0160i\u0161ovi\u0107.<\/p>\n<p>&nbsp;<\/p>\n<p>\u201eU godini proslave izuzetnog jubileja imamo dosta stvari sa kojim mo\u017eemo da se pohvalimo, a o tome svedo\u010di i zvani\u010dna republi\u010dka statistika koja je pokazala da Zlatibor kao destinacija u prvih 10 meseci bele\u017ei porast broja posetilaca od 25 procenata. Na osnovu tih podataka nalazimo se iza Beograda po pose\u0107enosti tj. na drugom mestu. Odmah smo iza najve\u0107eg grada \u0161to pokazuje jedan ozbiljan potencijal destinacije i planovi razvoja kojima op\u0161tina \u010cajetina, Turisti\u010dka organizacija i celokupna turisti\u010dka privreda \u017eeli da se predstavi u narednom periodu. Pre par dana je otvoren jo\u0161 jedan hotel na Zlatiboru u pitanju je \u201cQueen of Zlatibor\u201d, za nekoliko dana se otvara jo\u0161 jedan hotel sa pet zvezdica \u201cBor Hotel by Karisma \u201d koji \u0107e upotpuniti turisti\u010dku ponudu Zlatibora i sve su to stvari koje pokazuju da \u0107e Zlatibor u ovoj godini jubileja ostvariti jednu rekordnu, uspe\u0161nu turisti\u010dku godinu.<\/p>\n<p>Svake sezone Zlatibor kontinuirano opravdava status najpose\u0107enije planine u Srbiji zbog \u010dega mu se posetioci uvek rado vra\u0107aju u sve ve\u0107em broju. Takav uspeh je ujedno i inspiracija da se ponuda konstantno oboga\u0107uje i unapre\u0111uje u pravcu specifi\u010dnih potreba savremenog turiste.<\/p>\n","protected":false},"excerpt":{"rendered":"<p>&nbsp; \u010cAJETINA- U zimsku sezonu Zlatibor ulazi sa novim zabavnim sadr\u017eajima koje su najavili Turisti\u010dka organizacija Zlatibor, JP \u201eGold gondola Zlatibor\u201c i Kulturni centar Zlatibor &hellip; <\/p>\n","protected":false},"author":2,"featured_media":37083,"comment_status":"open","ping_status":"open","sticky":false,"template":"","format":"standard","meta":{"footnotes":""},"categories":[5787,2875,1524,2,23,887,3054],"tags":[355,6397,2876],"_links":{"self":[{"href":"https:\/\/centralmedia.rs\/index.php\/wp-json\/wp\/v2\/posts\/37082"}],"collection":[{"href":"https:\/\/centralmedia.rs\/index.php\/wp-json\/wp\/v2\/posts"}],"about":[{"href":"https:\/\/centralmedia.rs\/index.php\/wp-json\/wp\/v2\/types\/post"}],"author":[{"embeddable":true,"href":"https:\/\/centralmedia.rs\/index.php\/wp-json\/wp\/v2\/users\/2"}],"replies":[{"embeddable":true,"href":"https:\/\/centralmedia.rs\/index.php\/wp-json\/wp\/v2\/comments?post=37082"}],"version-history":[{"count":1,"href":"https:\/\/centralmedia.rs\/index.php\/wp-json\/wp\/v2\/posts\/37082\/revisions"}],"predecessor-version":[{"id":37088,"href":"https:\/\/centralmedia.rs\/index.php\/wp-json\/wp\/v2\/posts\/37082\/revisions\/37088"}],"wp:featuredmedia":[{"embeddable":true,"href":"https:\/\/centralmedia.rs\/index.php\/wp-json\/wp\/v2\/media\/37083"}],"wp:attachment":[{"href":"https:\/\/centralmedia.rs\/index.php\/wp-json\/wp\/v2\/media?parent=37082"}],"wp:term":[{"taxonomy":"category","embeddable":true,"href":"https:\/\/centralmedia.rs\/index.php\/wp-json\/wp\/v2\/categories?post=37082"},{"taxonomy":"post_tag","embeddable":true,"href":"https:\/\/centralmedia.rs\/index.php\/wp-json\/wp\/v2\/tags?post=37082"}],"curies":[{"name":"wp","href":"https:\/\/api.w.org\/{rel}","templated":true}]}}