{"id":3709,"date":"2016-07-12T12:22:10","date_gmt":"2016-07-12T12:22:10","guid":{"rendered":"http:\/\/centralmedia.rs\/?p=3709"},"modified":"2016-07-12T12:22:10","modified_gmt":"2016-07-12T12:22:10","slug":"petrovdanski-etno-sajam-u-jagodini","status":"publish","type":"post","link":"https:\/\/centralmedia.rs\/index.php\/2016\/07\/12\/petrovdanski-etno-sajam-u-jagodini\/","title":{"rendered":"PETROVDANSKI ETNO SAJAM U JAGODINI"},"content":{"rendered":"<p>JAGODINA-Petrovdanski etno sajam odr\u017ean je 11. put zaredom u porti crkve Svetih apostola Petra i Pavla u Jagodini. Svoje umotvorine izlo\u017eilo je 150 zanatlija,  a prva nagrada pripala je Tomislavu Jovanovi\u0107u iz Glavinaca koji se bavi izradom drvenih maketa predmeta, stvari i objekata koji poti\u010du sa sela.<div id='gallery-1' class='gallery galleryid-3709 gallery-columns-3 gallery-size-large'><figure class='gallery-item'>\n\t\t\t<div class='gallery-icon landscape'>\n\t\t\t\t<a href='https:\/\/centralmedia.rs\/index.php\/2016\/07\/12\/petrovdanski-etno-sajam-u-jagodini\/tomislav-jovanovic-prva-nagrada-na-sajmu-jagodina-g-j\/'><img loading=\"lazy\" decoding=\"async\" width=\"760\" height=\"570\" src=\"https:\/\/centralmedia.rs\/wp-content\/uploads\/2016\/07\/tomislav-jovanovic-prva-nagrada-na-sajmu-jagodina-g.j..jpg\" class=\"attachment-large size-large\" alt=\"\" srcset=\"https:\/\/centralmedia.rs\/wp-content\/uploads\/2016\/07\/tomislav-jovanovic-prva-nagrada-na-sajmu-jagodina-g.j..jpg 900w, https:\/\/centralmedia.rs\/wp-content\/uploads\/2016\/07\/tomislav-jovanovic-prva-nagrada-na-sajmu-jagodina-g.j.-300x225.jpg 300w, https:\/\/centralmedia.rs\/wp-content\/uploads\/2016\/07\/tomislav-jovanovic-prva-nagrada-na-sajmu-jagodina-g.j.-768x576.jpg 768w, https:\/\/centralmedia.rs\/wp-content\/uploads\/2016\/07\/tomislav-jovanovic-prva-nagrada-na-sajmu-jagodina-g.j.-80x60.jpg 80w, https:\/\/centralmedia.rs\/wp-content\/uploads\/2016\/07\/tomislav-jovanovic-prva-nagrada-na-sajmu-jagodina-g.j.-265x198.jpg 265w\" sizes=\"(max-width: 760px) 100vw, 760px\" \/><\/a>\n\t\t\t<\/div><\/figure><figure class='gallery-item'>\n\t\t\t<div class='gallery-icon landscape'>\n\t\t\t\t<a href='https:\/\/centralmedia.rs\/index.php\/2016\/07\/12\/petrovdanski-etno-sajam-u-jagodini\/moravska-sarenica-lapovo-2-jagodina-g-j\/'><img loading=\"lazy\" decoding=\"async\" width=\"760\" height=\"544\" src=\"https:\/\/centralmedia.rs\/wp-content\/uploads\/2016\/07\/moravska-sarenica-lapovo-2-jagodina-g.j..jpg\" class=\"attachment-large size-large\" alt=\"\" srcset=\"https:\/\/centralmedia.rs\/wp-content\/uploads\/2016\/07\/moravska-sarenica-lapovo-2-jagodina-g.j..jpg 900w, https:\/\/centralmedia.rs\/wp-content\/uploads\/2016\/07\/moravska-sarenica-lapovo-2-jagodina-g.j.-300x215.jpg 300w, https:\/\/centralmedia.rs\/wp-content\/uploads\/2016\/07\/moravska-sarenica-lapovo-2-jagodina-g.j.-768x550.jpg 768w\" sizes=\"(max-width: 760px) 100vw, 760px\" \/><\/a>\n\t\t\t<\/div><\/figure><figure class='gallery-item'>\n\t\t\t<div class='gallery-icon landscape'>\n\t\t\t\t<a href='https:\/\/centralmedia.rs\/index.php\/2016\/07\/12\/petrovdanski-etno-sajam-u-jagodini\/novoseljanke-jagodina-g-j\/'><img loading=\"lazy\" decoding=\"async\" width=\"760\" height=\"503\" src=\"https:\/\/centralmedia.rs\/wp-content\/uploads\/2016\/07\/novoseljanke-jagodina-g.j..jpg\" class=\"attachment-large size-large\" alt=\"\" srcset=\"https:\/\/centralmedia.rs\/wp-content\/uploads\/2016\/07\/novoseljanke-jagodina-g.j..jpg 907w, https:\/\/centralmedia.rs\/wp-content\/uploads\/2016\/07\/novoseljanke-jagodina-g.j.-300x198.jpg 300w, https:\/\/centralmedia.rs\/wp-content\/uploads\/2016\/07\/novoseljanke-jagodina-g.j.-768x508.jpg 768w\" sizes=\"(max-width: 760px) 100vw, 760px\" \/><\/a>\n\t\t\t<\/div><\/figure>\n\t\t<\/div>\n<br \/>\n\t-Nama je nagrada da mo\u017eemo da izla\u017eemo i pokazujemo na\u0161e proizvode, jer ih na taj na\u010din otimamo od zaborava,kao i zanate,  ka\u017ee Jovanovi\u0107.<br \/>\nDruga nagrada pripala je udru\u017eenju Novoseljanke iz Banatskog Novog Sela, a tre\u0107a udru\u017eenju Moravska \u0161arenica iz Lapova. Pohvaljeni su Vladan Jevti\u0107 i Milojka Milojkovi\u0107 oboje iz Jagodine,te Etnocentar iz Knja\u017eevca.<div id='gallery-2' class='gallery galleryid-3709 gallery-columns-3 gallery-size-large'><figure class='gallery-item'>\n\t\t\t<div class='gallery-icon landscape'>\n\t\t\t\t<a href='https:\/\/centralmedia.rs\/index.php\/2016\/07\/12\/petrovdanski-etno-sajam-u-jagodini\/vlada-jevtic-jagodina-g-j\/'><img loading=\"lazy\" decoding=\"async\" width=\"760\" height=\"522\" src=\"https:\/\/centralmedia.rs\/wp-content\/uploads\/2016\/07\/vlada-jevtic-jagodina-g.j..jpg\" class=\"attachment-large size-large\" alt=\"\" srcset=\"https:\/\/centralmedia.rs\/wp-content\/uploads\/2016\/07\/vlada-jevtic-jagodina-g.j..jpg 900w, https:\/\/centralmedia.rs\/wp-content\/uploads\/2016\/07\/vlada-jevtic-jagodina-g.j.-300x206.jpg 300w, https:\/\/centralmedia.rs\/wp-content\/uploads\/2016\/07\/vlada-jevtic-jagodina-g.j.-768x527.jpg 768w, https:\/\/centralmedia.rs\/wp-content\/uploads\/2016\/07\/vlada-jevtic-jagodina-g.j.-100x70.jpg 100w, https:\/\/centralmedia.rs\/wp-content\/uploads\/2016\/07\/vlada-jevtic-jagodina-g.j.-218x150.jpg 218w\" sizes=\"(max-width: 760px) 100vw, 760px\" \/><\/a>\n\t\t\t<\/div><\/figure><figure class='gallery-item'>\n\t\t\t<div class='gallery-icon landscape'>\n\t\t\t\t<a href='https:\/\/centralmedia.rs\/index.php\/2016\/07\/12\/petrovdanski-etno-sajam-u-jagodini\/milojka-milojkovic-jagodina-g-j\/'><img loading=\"lazy\" decoding=\"async\" width=\"760\" height=\"570\" src=\"https:\/\/centralmedia.rs\/wp-content\/uploads\/2016\/07\/milojka-milojkovic-jagodina-g.j..jpg\" class=\"attachment-large size-large\" alt=\"\" srcset=\"https:\/\/centralmedia.rs\/wp-content\/uploads\/2016\/07\/milojka-milojkovic-jagodina-g.j..jpg 900w, https:\/\/centralmedia.rs\/wp-content\/uploads\/2016\/07\/milojka-milojkovic-jagodina-g.j.-300x225.jpg 300w, https:\/\/centralmedia.rs\/wp-content\/uploads\/2016\/07\/milojka-milojkovic-jagodina-g.j.-768x576.jpg 768w, https:\/\/centralmedia.rs\/wp-content\/uploads\/2016\/07\/milojka-milojkovic-jagodina-g.j.-80x60.jpg 80w, https:\/\/centralmedia.rs\/wp-content\/uploads\/2016\/07\/milojka-milojkovic-jagodina-g.j.-265x198.jpg 265w\" sizes=\"(max-width: 760px) 100vw, 760px\" \/><\/a>\n\t\t\t<\/div><\/figure><figure class='gallery-item'>\n\t\t\t<div class='gallery-icon landscape'>\n\t\t\t\t<a href='https:\/\/centralmedia.rs\/index.php\/2016\/07\/12\/petrovdanski-etno-sajam-u-jagodini\/etno-sajam-1-jagodina-g-j\/'><img loading=\"lazy\" decoding=\"async\" width=\"760\" height=\"538\" src=\"https:\/\/centralmedia.rs\/wp-content\/uploads\/2016\/07\/etno-sajam-1-jagodina-g.j..jpg\" class=\"attachment-large size-large\" alt=\"\" srcset=\"https:\/\/centralmedia.rs\/wp-content\/uploads\/2016\/07\/etno-sajam-1-jagodina-g.j..jpg 900w, https:\/\/centralmedia.rs\/wp-content\/uploads\/2016\/07\/etno-sajam-1-jagodina-g.j.-300x212.jpg 300w, https:\/\/centralmedia.rs\/wp-content\/uploads\/2016\/07\/etno-sajam-1-jagodina-g.j.-768x544.jpg 768w, https:\/\/centralmedia.rs\/wp-content\/uploads\/2016\/07\/etno-sajam-1-jagodina-g.j.-100x70.jpg 100w\" sizes=\"(max-width: 760px) 100vw, 760px\" \/><\/a>\n\t\t\t<\/div><\/figure>\n\t\t<\/div>\n<br \/>\n\t-Nastojimo da kroz rad tokom godine, organizacijom sajma, kao i posetom drugim sajmovima u Srbiji otgrnemo od zaborava stare zanate. To je te\u017eak zadatak i prakti\u010dno neostvariv cilj, ali mi se trudimo  da sami uradimo koliko mo\u017eemo. Veliki broj izlaga\u010da u Jagodini je znak da smo uspeli da zaintrigiramo javnost, ka\u017ee predsednica udru\u017eenja Etno forma Olga Ne\u0161ovi\u0107.<div id='gallery-3' class='gallery galleryid-3709 gallery-columns-3 gallery-size-large'><figure class='gallery-item'>\n\t\t\t<div class='gallery-icon landscape'>\n\t\t\t\t<a href='https:\/\/centralmedia.rs\/index.php\/2016\/07\/12\/petrovdanski-etno-sajam-u-jagodini\/olga-nesovic-jagodina-g-j\/'><img loading=\"lazy\" decoding=\"async\" width=\"760\" height=\"570\" src=\"https:\/\/centralmedia.rs\/wp-content\/uploads\/2016\/07\/olga-nesovic-jagodina-g.j..jpg\" class=\"attachment-large size-large\" alt=\"\" srcset=\"https:\/\/centralmedia.rs\/wp-content\/uploads\/2016\/07\/olga-nesovic-jagodina-g.j..jpg 900w, https:\/\/centralmedia.rs\/wp-content\/uploads\/2016\/07\/olga-nesovic-jagodina-g.j.-300x225.jpg 300w, https:\/\/centralmedia.rs\/wp-content\/uploads\/2016\/07\/olga-nesovic-jagodina-g.j.-768x576.jpg 768w, https:\/\/centralmedia.rs\/wp-content\/uploads\/2016\/07\/olga-nesovic-jagodina-g.j.-80x60.jpg 80w, https:\/\/centralmedia.rs\/wp-content\/uploads\/2016\/07\/olga-nesovic-jagodina-g.j.-265x198.jpg 265w\" sizes=\"(max-width: 760px) 100vw, 760px\" \/><\/a>\n\t\t\t<\/div><\/figure><figure class='gallery-item'>\n\t\t\t<div class='gallery-icon landscape'>\n\t\t\t\t<a href='https:\/\/centralmedia.rs\/index.php\/2016\/07\/12\/petrovdanski-etno-sajam-u-jagodini\/etno-sajam-2-jagodina-g-j\/'><img loading=\"lazy\" decoding=\"async\" width=\"760\" height=\"570\" src=\"https:\/\/centralmedia.rs\/wp-content\/uploads\/2016\/07\/etno-sajam-2-jagodina-g.j.jpg\" class=\"attachment-large size-large\" alt=\"\" srcset=\"https:\/\/centralmedia.rs\/wp-content\/uploads\/2016\/07\/etno-sajam-2-jagodina-g.j.jpg 900w, https:\/\/centralmedia.rs\/wp-content\/uploads\/2016\/07\/etno-sajam-2-jagodina-g.j-300x225.jpg 300w, https:\/\/centralmedia.rs\/wp-content\/uploads\/2016\/07\/etno-sajam-2-jagodina-g.j-768x576.jpg 768w, https:\/\/centralmedia.rs\/wp-content\/uploads\/2016\/07\/etno-sajam-2-jagodina-g.j-80x60.jpg 80w, https:\/\/centralmedia.rs\/wp-content\/uploads\/2016\/07\/etno-sajam-2-jagodina-g.j-265x198.jpg 265w\" sizes=\"(max-width: 760px) 100vw, 760px\" \/><\/a>\n\t\t\t<\/div><\/figure><figure class='gallery-item'>\n\t\t\t<div class='gallery-icon landscape'>\n\t\t\t\t<a href='https:\/\/centralmedia.rs\/index.php\/2016\/07\/12\/petrovdanski-etno-sajam-u-jagodini\/etno-sajam-1-jagodina-g-j-2\/'><img loading=\"lazy\" decoding=\"async\" width=\"760\" height=\"570\" src=\"https:\/\/centralmedia.rs\/wp-content\/uploads\/2016\/07\/etno-sajam-1-jagodina-g.j.jpg\" class=\"attachment-large size-large\" alt=\"\" srcset=\"https:\/\/centralmedia.rs\/wp-content\/uploads\/2016\/07\/etno-sajam-1-jagodina-g.j.jpg 900w, https:\/\/centralmedia.rs\/wp-content\/uploads\/2016\/07\/etno-sajam-1-jagodina-g.j-300x225.jpg 300w, https:\/\/centralmedia.rs\/wp-content\/uploads\/2016\/07\/etno-sajam-1-jagodina-g.j-768x576.jpg 768w, https:\/\/centralmedia.rs\/wp-content\/uploads\/2016\/07\/etno-sajam-1-jagodina-g.j-80x60.jpg 80w, https:\/\/centralmedia.rs\/wp-content\/uploads\/2016\/07\/etno-sajam-1-jagodina-g.j-265x198.jpg 265w\" sizes=\"(max-width: 760px) 100vw, 760px\" \/><\/a>\n\t\t\t<\/div><\/figure>\n\t\t<\/div>\n<br \/>\nJagodinski etno sajam opravdao je o\u010dekivanja i ponovo u \u017ei\u017eu javnosti vratio proizvode starih zanata.<\/p>\n","protected":false},"excerpt":{"rendered":"<p>JAGODINA-Petrovdanski etno sajam odr\u017ean je 11. put zaredom u porti crkve Svetih apostola Petra i Pavla u Jagodini. Svoje umotvorine izlo\u017eilo je 150 zanatlija, a &hellip; <\/p>\n","protected":false},"author":4,"featured_media":3710,"comment_status":"open","ping_status":"open","sticky":false,"template":"","format":"standard","meta":{"footnotes":""},"categories":[14,2,12],"tags":[966,58,965],"_links":{"self":[{"href":"https:\/\/centralmedia.rs\/index.php\/wp-json\/wp\/v2\/posts\/3709"}],"collection":[{"href":"https:\/\/centralmedia.rs\/index.php\/wp-json\/wp\/v2\/posts"}],"about":[{"href":"https:\/\/centralmedia.rs\/index.php\/wp-json\/wp\/v2\/types\/post"}],"author":[{"embeddable":true,"href":"https:\/\/centralmedia.rs\/index.php\/wp-json\/wp\/v2\/users\/4"}],"replies":[{"embeddable":true,"href":"https:\/\/centralmedia.rs\/index.php\/wp-json\/wp\/v2\/comments?post=3709"}],"version-history":[{"count":0,"href":"https:\/\/centralmedia.rs\/index.php\/wp-json\/wp\/v2\/posts\/3709\/revisions"}],"wp:featuredmedia":[{"embeddable":true,"href":"https:\/\/centralmedia.rs\/index.php\/wp-json\/wp\/v2\/media\/3710"}],"wp:attachment":[{"href":"https:\/\/centralmedia.rs\/index.php\/wp-json\/wp\/v2\/media?parent=3709"}],"wp:term":[{"taxonomy":"category","embeddable":true,"href":"https:\/\/centralmedia.rs\/index.php\/wp-json\/wp\/v2\/categories?post=3709"},{"taxonomy":"post_tag","embeddable":true,"href":"https:\/\/centralmedia.rs\/index.php\/wp-json\/wp\/v2\/tags?post=3709"}],"curies":[{"name":"wp","href":"https:\/\/api.w.org\/{rel}","templated":true}]}}