{"id":37126,"date":"2023-12-10T11:48:02","date_gmt":"2023-12-10T10:48:02","guid":{"rendered":"http:\/\/centralmedia.rs\/?p=37126"},"modified":"2023-12-18T20:04:22","modified_gmt":"2023-12-18T19:04:22","slug":"izbori-2023-vucic-obecao-pomoravcima-brzu-prugu-mostove-investitore-magnetne-rezonance","status":"publish","type":"post","link":"https:\/\/centralmedia.rs\/index.php\/2023\/12\/10\/izbori-2023-vucic-obecao-pomoravcima-brzu-prugu-mostove-investitore-magnetne-rezonance\/","title":{"rendered":"IZBORI 2023 \u2013 Vu\u010di\u0107 obe\u0107ao Pomoravcima brzu prugu, mostove, investitore, magnetne rezonance\u2026"},"content":{"rendered":"<p>&nbsp;<\/p>\n<p>JAGODINA- Na predizbornom skupu liste &#8220;Aleksandar Vu\u010di\u0107 &#8211; Srbija ne sme da stane&#8221;, u Jagodini, predsednik Srbije je poru\u010dio da je gra\u0111anima u Pomoravskom okrugu va\u017ena pruga Beograd &#8211; Ni\u0161, \u0161to je sigurnost za dolazak investitora.<\/p>\n<p>&#8211; Kao \u0161to je profesorka rekla, gradili smo mnoge bolnice, ali u Jagodini nismo. Do marta \u0107ete dobiti magnetnu rezonancu i mamograf. Obnovi\u0107emo ovde Op\u0161tu bolnicu, ulo\u017ei\u0107emo 48 miliona evra &#8211; najavio je predsednik. Tako\u0111e je najavio rekosntrukciju u \u0107uprijske bolnice, investitora u Para\u0107inu, obilaznicu i most u Svilajncu, vi\u0161e investicija u Despotovac i Rekovac.<\/p>\n<p>Predsednik je okupljenima je govorio i o povratku onih koji su oti\u0161li u inostranstvo, u Srbiju.<\/p>\n<p>-Ovde u Pomoravlju smo deceniju imali egzodus, odlazili su u zapadne zemlje. Mali broj njih se ve\u0107 vratio, a pozivam ih sve da razmisle. To su za nas klju\u010dne stvari. Ovde su sve dobri doma\u0107ini. Imamo ku\u0107e, ali su prazne &#8211; rekao je Vu\u010di\u0107.<\/p>\n<p>Predsednik\u00a0 je naglasio\u00a0 da &#8220;Moramo da obezbedimo jo\u0161 investitora, da ljudi imaju posao.&#8221;<\/p>\n<p>&#8211; I za Resavicu da ka\u017eem da \u0107u da im \u010duvam posao i da \u0107e im plate biti ve\u0107e. Oni bi ponovo da nam uni\u0161te Srbiju, da ponovo zakatan\u010de fabrike. Verujte da bi uradili br\u017ee nego \u0161to mislite. Oni nemaju ideale. Ja imam snove da gradimo &#8211; poru\u010dio je predsednik Srbije.<\/p>\n","protected":false},"excerpt":{"rendered":"<p>&nbsp; JAGODINA- Na predizbornom skupu liste &#8220;Aleksandar Vu\u010di\u0107 &#8211; Srbija ne sme da stane&#8221;, u Jagodini, predsednik Srbije je poru\u010dio da je gra\u0111anima u Pomoravskom &hellip; <\/p>\n","protected":false},"author":2,"featured_media":37127,"comment_status":"open","ping_status":"open","sticky":false,"template":"","format":"standard","meta":{"footnotes":""},"categories":[1524,2,1514,5643,13,887,12],"tags":[6390,58,136,63],"_links":{"self":[{"href":"https:\/\/centralmedia.rs\/index.php\/wp-json\/wp\/v2\/posts\/37126"}],"collection":[{"href":"https:\/\/centralmedia.rs\/index.php\/wp-json\/wp\/v2\/posts"}],"about":[{"href":"https:\/\/centralmedia.rs\/index.php\/wp-json\/wp\/v2\/types\/post"}],"author":[{"embeddable":true,"href":"https:\/\/centralmedia.rs\/index.php\/wp-json\/wp\/v2\/users\/2"}],"replies":[{"embeddable":true,"href":"https:\/\/centralmedia.rs\/index.php\/wp-json\/wp\/v2\/comments?post=37126"}],"version-history":[{"count":2,"href":"https:\/\/centralmedia.rs\/index.php\/wp-json\/wp\/v2\/posts\/37126\/revisions"}],"predecessor-version":[{"id":37134,"href":"https:\/\/centralmedia.rs\/index.php\/wp-json\/wp\/v2\/posts\/37126\/revisions\/37134"}],"wp:featuredmedia":[{"embeddable":true,"href":"https:\/\/centralmedia.rs\/index.php\/wp-json\/wp\/v2\/media\/37127"}],"wp:attachment":[{"href":"https:\/\/centralmedia.rs\/index.php\/wp-json\/wp\/v2\/media?parent=37126"}],"wp:term":[{"taxonomy":"category","embeddable":true,"href":"https:\/\/centralmedia.rs\/index.php\/wp-json\/wp\/v2\/categories?post=37126"},{"taxonomy":"post_tag","embeddable":true,"href":"https:\/\/centralmedia.rs\/index.php\/wp-json\/wp\/v2\/tags?post=37126"}],"curies":[{"name":"wp","href":"https:\/\/api.w.org\/{rel}","templated":true}]}}