{"id":37146,"date":"2023-12-13T20:28:24","date_gmt":"2023-12-13T19:28:24","guid":{"rendered":"http:\/\/centralmedia.rs\/?p=37146"},"modified":"2023-12-18T20:04:13","modified_gmt":"2023-12-18T19:04:13","slug":"izbori-2023-dacic-svako-dete-da-ima-istu-sansu","status":"publish","type":"post","link":"https:\/\/centralmedia.rs\/index.php\/2023\/12\/13\/izbori-2023-dacic-svako-dete-da-ima-istu-sansu\/","title":{"rendered":"IZBORI 2023: DA\u010cI\u0106 : SVAKO DETE DA IMA ISTU \u0160ANSU"},"content":{"rendered":"<p>&nbsp;<\/p>\n<p>Na predizbornoj konvenciji koalicije SPS \u2013 Jedinstvena Srbija \u2013 Zeleni Srbije, oboren je rekord pose\u0107enosti jagodinske hale sportova koja je izgra\u0111ena 1978. godine. Preko 6.000 Jagodinaca, iz grada Jagodine i jagodinskih sela do\u0161lo je da da podr\u0161ku ovoj koaliciji. Predsednik SPS Ivica Da\u010di\u0107 poru\u010dio je da su dva temeljna principa ove koalicije, a to su socijalna pravda i patriotizam. \u201cSvako dete mora da ima istu \u0161ansu bilo da je iz Kon\u010dareva kraj Jagodine ili iz centra Beograda. To je na\u0161a politika\u201d, rekao je Da\u010di\u0107.<\/p>\n<div id='gallery-1' class='gallery galleryid-37146 gallery-columns-2 gallery-size-full'><figure class='gallery-item'>\n\t\t\t<div class='gallery-icon landscape'>\n\t\t\t\t<a href='https:\/\/centralmedia.rs\/index.php\/2023\/12\/13\/izbori-2023-dacic-svako-dete-da-ima-istu-sansu\/konvencija2\/'><img loading=\"lazy\" decoding=\"async\" width=\"1600\" height=\"908\" src=\"https:\/\/centralmedia.rs\/wp-content\/uploads\/2023\/12\/konvencija2.jpg\" class=\"attachment-full size-full\" alt=\"\" srcset=\"https:\/\/centralmedia.rs\/wp-content\/uploads\/2023\/12\/konvencija2.jpg 1600w, https:\/\/centralmedia.rs\/wp-content\/uploads\/2023\/12\/konvencija2-300x170.jpg 300w, https:\/\/centralmedia.rs\/wp-content\/uploads\/2023\/12\/konvencija2-768x436.jpg 768w, https:\/\/centralmedia.rs\/wp-content\/uploads\/2023\/12\/konvencija2-1024x581.jpg 1024w, https:\/\/centralmedia.rs\/wp-content\/uploads\/2023\/12\/konvencija2-740x420.jpg 740w, https:\/\/centralmedia.rs\/wp-content\/uploads\/2023\/12\/konvencija2-640x363.jpg 640w, https:\/\/centralmedia.rs\/wp-content\/uploads\/2023\/12\/konvencija2-681x386.jpg 681w, https:\/\/centralmedia.rs\/wp-content\/uploads\/2023\/12\/konvencija2-1021x580.jpg 1021w\" sizes=\"(max-width: 1600px) 100vw, 1600px\" \/><\/a>\n\t\t\t<\/div><\/figure><figure class='gallery-item'>\n\t\t\t<div class='gallery-icon landscape'>\n\t\t\t\t<a href='https:\/\/centralmedia.rs\/index.php\/2023\/12\/13\/izbori-2023-dacic-svako-dete-da-ima-istu-sansu\/konvencija3\/'><img loading=\"lazy\" decoding=\"async\" width=\"950\" height=\"566\" src=\"https:\/\/centralmedia.rs\/wp-content\/uploads\/2023\/12\/konvencija3.jpg\" class=\"attachment-full size-full\" alt=\"\" srcset=\"https:\/\/centralmedia.rs\/wp-content\/uploads\/2023\/12\/konvencija3.jpg 950w, https:\/\/centralmedia.rs\/wp-content\/uploads\/2023\/12\/konvencija3-300x179.jpg 300w, https:\/\/centralmedia.rs\/wp-content\/uploads\/2023\/12\/konvencija3-768x458.jpg 768w, https:\/\/centralmedia.rs\/wp-content\/uploads\/2023\/12\/konvencija3-705x420.jpg 705w, https:\/\/centralmedia.rs\/wp-content\/uploads\/2023\/12\/konvencija3-640x381.jpg 640w, https:\/\/centralmedia.rs\/wp-content\/uploads\/2023\/12\/konvencija3-681x406.jpg 681w\" sizes=\"(max-width: 950px) 100vw, 950px\" \/><\/a>\n\t\t\t<\/div><\/figure>\n\t\t<\/div>\n\n<p>PALMA : DA\u010cI\u0106 NE\u0106E DOZVOLITI DA SE PROMENI KR\u0160TENICA I LI\u010cNA KARTA SRBIJE<\/p>\n<p>Pedsednik Jedinstvene Srbije Dragan Markovi\u0107 Palma upitao je prisutne \u201cda li ste zadovoljni radom ove koalicije, koja vodi Jagodinu od 2004. godine do danas\u201d, nakon \u010dega je 6000 ruku bilo u vazduhu, tako da je jednoglasno data podr\u0161ka radu ove koalicije u Jagodini. Markovi\u0107 je rekao da Ivica Da\u010di\u0107 kao budu\u0107i premijer Srbije ne\u0107e dozvoliti da neko menja kr\u0161tenicu i li\u010dnu kartu Srbije.<\/p>\n","protected":false},"excerpt":{"rendered":"<p>&nbsp; Na predizbornoj konvenciji koalicije SPS \u2013 Jedinstvena Srbija \u2013 Zeleni Srbije, oboren je rekord pose\u0107enosti jagodinske hale sportova koja je izgra\u0111ena 1978. godine. Preko &hellip; <\/p>\n","protected":false},"author":2,"featured_media":37147,"comment_status":"open","ping_status":"open","sticky":false,"template":"","format":"standard","meta":{"footnotes":""},"categories":[1524,2,1514,13,12],"tags":[393,643,120,721],"_links":{"self":[{"href":"https:\/\/centralmedia.rs\/index.php\/wp-json\/wp\/v2\/posts\/37146"}],"collection":[{"href":"https:\/\/centralmedia.rs\/index.php\/wp-json\/wp\/v2\/posts"}],"about":[{"href":"https:\/\/centralmedia.rs\/index.php\/wp-json\/wp\/v2\/types\/post"}],"author":[{"embeddable":true,"href":"https:\/\/centralmedia.rs\/index.php\/wp-json\/wp\/v2\/users\/2"}],"replies":[{"embeddable":true,"href":"https:\/\/centralmedia.rs\/index.php\/wp-json\/wp\/v2\/comments?post=37146"}],"version-history":[{"count":1,"href":"https:\/\/centralmedia.rs\/index.php\/wp-json\/wp\/v2\/posts\/37146\/revisions"}],"predecessor-version":[{"id":37150,"href":"https:\/\/centralmedia.rs\/index.php\/wp-json\/wp\/v2\/posts\/37146\/revisions\/37150"}],"wp:featuredmedia":[{"embeddable":true,"href":"https:\/\/centralmedia.rs\/index.php\/wp-json\/wp\/v2\/media\/37147"}],"wp:attachment":[{"href":"https:\/\/centralmedia.rs\/index.php\/wp-json\/wp\/v2\/media?parent=37146"}],"wp:term":[{"taxonomy":"category","embeddable":true,"href":"https:\/\/centralmedia.rs\/index.php\/wp-json\/wp\/v2\/categories?post=37146"},{"taxonomy":"post_tag","embeddable":true,"href":"https:\/\/centralmedia.rs\/index.php\/wp-json\/wp\/v2\/tags?post=37146"}],"curies":[{"name":"wp","href":"https:\/\/api.w.org\/{rel}","templated":true}]}}