{"id":37159,"date":"2023-12-14T11:30:17","date_gmt":"2023-12-14T10:30:17","guid":{"rendered":"http:\/\/centralmedia.rs\/?p=37159"},"modified":"2023-12-18T20:03:48","modified_gmt":"2023-12-18T19:03:48","slug":"izbori-2023-posle-100-godina-svilajnac-dobija-most-na-moravi-kod-vojske","status":"publish","type":"post","link":"https:\/\/centralmedia.rs\/index.php\/2023\/12\/14\/izbori-2023-posle-100-godina-svilajnac-dobija-most-na-moravi-kod-vojske\/","title":{"rendered":"IZBORI 2023: POSLE 100 GODINA SVILAJNAC DOBIJA MOST NA MORAVI KOD VOJSKE"},"content":{"rendered":"<p>&nbsp;<\/p>\n<p>SVILAJNAC-Most za putni\u010dki i teretni saobra\u0107aj na Velikoj Moravi kod Vojske u Svilajncu bi\u0107e zavr\u0161en do maja i bi\u0107e nazvan po resavskom vojvodi iz Prvog srpskog ustanka Stevanu Sin\u0111eli\u0107u, izjavio je ministar za infrastrukturu i energetiku VS Goran Vesi\u0107.<\/p>\n<div id='gallery-1' class='gallery galleryid-37159 gallery-columns-3 gallery-size-thumbnail'><figure class='gallery-item'>\n\t\t\t<div class='gallery-icon landscape'>\n\t\t\t\t<a href='https:\/\/centralmedia.rs\/index.php\/2023\/12\/14\/izbori-2023-posle-100-godina-svilajnac-dobija-most-na-moravi-kod-vojske\/vesic1\/'><img loading=\"lazy\" decoding=\"async\" width=\"150\" height=\"150\" src=\"https:\/\/centralmedia.rs\/wp-content\/uploads\/2023\/12\/vesic1-150x150.jpg\" class=\"attachment-thumbnail size-thumbnail\" alt=\"\" \/><\/a>\n\t\t\t<\/div><\/figure><figure class='gallery-item'>\n\t\t\t<div class='gallery-icon landscape'>\n\t\t\t\t<a href='https:\/\/centralmedia.rs\/index.php\/2023\/12\/14\/izbori-2023-posle-100-godina-svilajnac-dobija-most-na-moravi-kod-vojske\/vojska-9\/'><img loading=\"lazy\" decoding=\"async\" width=\"150\" height=\"150\" src=\"https:\/\/centralmedia.rs\/wp-content\/uploads\/2023\/12\/vojska-150x150.jpg\" class=\"attachment-thumbnail size-thumbnail\" alt=\"\" \/><\/a>\n\t\t\t<\/div><\/figure><figure class='gallery-item'>\n\t\t\t<div class='gallery-icon landscape'>\n\t\t\t\t<a href='https:\/\/centralmedia.rs\/index.php\/2023\/12\/14\/izbori-2023-posle-100-godina-svilajnac-dobija-most-na-moravi-kod-vojske\/vojska1-4\/'><img loading=\"lazy\" decoding=\"async\" width=\"150\" height=\"150\" src=\"https:\/\/centralmedia.rs\/wp-content\/uploads\/2023\/12\/vojska1-150x150.jpg\" class=\"attachment-thumbnail size-thumbnail\" alt=\"\" \/><\/a>\n\t\t\t<\/div><\/figure>\n\t\t<\/div>\n\n<p>On je danas sa predsednikom te op\u0161tine Predragom Milanovi\u0107em obi\u0161ao radove na mostu \u010dija je projektovana du\u017eina 214 metara, a \u0161irina 8,3 sa dve kolovozne trake, te pe\u0161a\u010dkom i servisnom. Ministarstvo je obezbedilo gotovo milijardu dinara za ovu investiciju. Na tom mestu se proteklih \u0161est decenija nalazio vise\u0107i most koji je ugro\u017eavao \u017eivote ljudi. Milanovi\u0107 je naveo da potrebno izgraditi oko 15 kilometara pristupnih saobra\u0107ajnica. Ministar je najavio za slede\u0107u godinu izgradnju obilaznice oko Svilajnca koja predvi\u0111a izgradnju novog mosta u profilu autoputa, kao i brzu prugu Beograd- Ni\u0161, \u0161to \u0107e omogu\u0107iti uslove za nove investicije.Vesi\u0107 je potom posetio i radove na kanalizacionom sistemu u Sedlaru<\/p>\n","protected":false},"excerpt":{"rendered":"<p>&nbsp; SVILAJNAC-Most za putni\u010dki i teretni saobra\u0107aj na Velikoj Moravi kod Vojske u Svilajncu bi\u0107e zavr\u0161en do maja i bi\u0107e nazvan po resavskom vojvodi iz &hellip; <\/p>\n","protected":false},"author":2,"featured_media":37160,"comment_status":"open","ping_status":"open","sticky":false,"template":"","format":"standard","meta":{"footnotes":""},"categories":[1524,2,13,887,12,1517,5785],"tags":[6390,469,6244,498],"_links":{"self":[{"href":"https:\/\/centralmedia.rs\/index.php\/wp-json\/wp\/v2\/posts\/37159"}],"collection":[{"href":"https:\/\/centralmedia.rs\/index.php\/wp-json\/wp\/v2\/posts"}],"about":[{"href":"https:\/\/centralmedia.rs\/index.php\/wp-json\/wp\/v2\/types\/post"}],"author":[{"embeddable":true,"href":"https:\/\/centralmedia.rs\/index.php\/wp-json\/wp\/v2\/users\/2"}],"replies":[{"embeddable":true,"href":"https:\/\/centralmedia.rs\/index.php\/wp-json\/wp\/v2\/comments?post=37159"}],"version-history":[{"count":1,"href":"https:\/\/centralmedia.rs\/index.php\/wp-json\/wp\/v2\/posts\/37159\/revisions"}],"predecessor-version":[{"id":37164,"href":"https:\/\/centralmedia.rs\/index.php\/wp-json\/wp\/v2\/posts\/37159\/revisions\/37164"}],"wp:featuredmedia":[{"embeddable":true,"href":"https:\/\/centralmedia.rs\/index.php\/wp-json\/wp\/v2\/media\/37160"}],"wp:attachment":[{"href":"https:\/\/centralmedia.rs\/index.php\/wp-json\/wp\/v2\/media?parent=37159"}],"wp:term":[{"taxonomy":"category","embeddable":true,"href":"https:\/\/centralmedia.rs\/index.php\/wp-json\/wp\/v2\/categories?post=37159"},{"taxonomy":"post_tag","embeddable":true,"href":"https:\/\/centralmedia.rs\/index.php\/wp-json\/wp\/v2\/tags?post=37159"}],"curies":[{"name":"wp","href":"https:\/\/api.w.org\/{rel}","templated":true}]}}