{"id":37175,"date":"2023-12-16T11:57:18","date_gmt":"2023-12-16T10:57:18","guid":{"rendered":"http:\/\/centralmedia.rs\/?p=37175"},"modified":"2023-12-21T14:22:47","modified_gmt":"2023-12-21T13:22:47","slug":"privremeni-organ-u-rekovcu-zaduzio-gradane-levca-400-hiljada-evra-dokumenti","status":"publish","type":"post","link":"https:\/\/centralmedia.rs\/index.php\/2023\/12\/16\/privremeni-organ-u-rekovcu-zaduzio-gradane-levca-400-hiljada-evra-dokumenti\/","title":{"rendered":"PRIVREMENI ORGAN U REKOVCU  ZADU\u017dIO GRA\u0110ANE LEV\u010cA 400 HILJADA EVRA (DOKUMENTI)"},"content":{"rendered":"<p>&nbsp;<\/p>\n<p>REKOVAC- Nije tajna da Op\u0161tina Rekovac i javna preduze\u0107a grcaju u stotinak miliona dinara duga, zbog toga je ra\u010dun op\u0161tine \u010desto u blokadi, preduze\u0107a daju u zalog ma\u0161ine, ali bez ikakvog obzira na tu situaciju \u00a0Privremeni organ, imenovan od Vlade Srbije posle raspu\u0161tanja skup\u0161tine koji nema legitimitet gra\u0111ana, kako saznajemo zadu\u017eio je gra\u0111ane Rekovca za blizu 400 hiljada evra. Ukupan dug Op\u0161tine Rekovac sada se procenjuje na preko milion evra, a nezvani\u010dno i dva miliona, \u00a0\u0161to za lokalnu samoupravu od oko 8 hiljada stanovnika, prose\u010dne starosti preko 60 godina, predstavlja kamen o vratu jer je nemogu\u0107e vratiti toliki novac iz realnih izvora, odnosno poreza. Poku\u0161ali smo ne\u0161to vi\u0161e o tome da saznamo od predsednika Privremenog organa i predhodno predsednika op\u0161tine, ali on nije \u017eeleo to da komentari\u0161e. Mo\u017eda \u0107e posle izbora da se oglasi.<\/p>\n<div id='gallery-1' class='gallery galleryid-37175 gallery-columns-3 gallery-size-thumbnail'><figure class='gallery-item'>\n\t\t\t<div class='gallery-icon landscape'>\n\t\t\t\t<a href='https:\/\/centralmedia.rs\/index.php\/2023\/12\/16\/privremeni-organ-u-rekovcu-zaduzio-gradane-levca-400-hiljada-evra-dokumenti\/snimak-ekrana-27\/'><img loading=\"lazy\" decoding=\"async\" width=\"150\" height=\"150\" src=\"https:\/\/centralmedia.rs\/wp-content\/uploads\/2023\/12\/Snimak-ekrana-27-150x150.png\" class=\"attachment-thumbnail size-thumbnail\" alt=\"\" \/><\/a>\n\t\t\t<\/div><\/figure><figure class='gallery-item'>\n\t\t\t<div class='gallery-icon portrait'>\n\t\t\t\t<a href='https:\/\/centralmedia.rs\/index.php\/2023\/12\/16\/privremeni-organ-u-rekovcu-zaduzio-gradane-levca-400-hiljada-evra-dokumenti\/snimak-ekrana-28\/'><img loading=\"lazy\" decoding=\"async\" width=\"150\" height=\"150\" src=\"https:\/\/centralmedia.rs\/wp-content\/uploads\/2023\/12\/Snimak-ekrana-28-150x150.png\" class=\"attachment-thumbnail size-thumbnail\" alt=\"\" \/><\/a>\n\t\t\t<\/div><\/figure><figure class='gallery-item'>\n\t\t\t<div class='gallery-icon portrait'>\n\t\t\t\t<a href='https:\/\/centralmedia.rs\/index.php\/2023\/12\/16\/privremeni-organ-u-rekovcu-zaduzio-gradane-levca-400-hiljada-evra-dokumenti\/snimak-ekrana-26\/'><img loading=\"lazy\" decoding=\"async\" width=\"150\" height=\"150\" src=\"https:\/\/centralmedia.rs\/wp-content\/uploads\/2023\/12\/Snimak-ekrana-26-150x150.png\" class=\"attachment-thumbnail size-thumbnail\" alt=\"\" \/><\/a>\n\t\t\t<\/div><\/figure>\n\t\t<\/div>\n\n<p>Dakle, Privremeni organ Op\u0161tine Rekovac doneo odluku o potpisivanju ugovora o dugoro\u010dnom zakupu nepokretnosti. Odluka je objavljena u Slu\u017ebenom glasniku, ali ugovor nije. Kako nezvani\u010dno saznajemo re\u010d je o zakupu hale od preko hiljadu kvadrata po ceni od 5 evra po kvadratu mese\u010dno plus PDV u narednih 5 godina. To ukupno iznosi blizu 400 hiljda evra Tro\u0161kovi odr\u017eavanja padaju na zakupca, odnosno op\u0161tinu. Ugovor je prakti\u010dno neraskidiv, ukoliko \u017eeli da prekine ugovor op\u0161tina mora da isplati celokupan iznos za zakup.<\/p>\n<p>-Ko ima koga taj dobija subvencije. U Rekovcu privrednici nemaju mogu\u0107nost za takvu pomo\u0107. Op\u0161tina \u0107e zbog ovakvog ugovora da do\u0111e u problem jer investitor ne vezuje ugovor sa vlasnikom nepokretnosti. \u0160ta \u0107e da se dogodi ako investitor odustane, a op\u0161tini ostane ugovor o zakupu? Tu je o\u010digledno da postoji neka druga namera, jer niko ne zna \u0161ta bi posle toga op\u0161tina radila sa halom, izuzev onoga ko je potpisao takav ugovor. Na\u0161a op\u0161tina \u0107e tek da zalivadi od po\u010detka naredne godine. Ka\u017eu da je dug op\u0161tine 150, 160 miliona sigurno, a zvani\u010dno je prikazano 78 miliona, ka\u017ee leva\u010dki privrednik.<\/p>\n<p>Biv\u0161i odbornici tvrde da Skup\u0161tina nije donela odluku o tome, samo je pro\u010ditano pismo o namerama i diskutovano je na tu temu.<\/p>\n","protected":false},"excerpt":{"rendered":"<p>&nbsp; REKOVAC- Nije tajna da Op\u0161tina Rekovac i javna preduze\u0107a grcaju u stotinak miliona dinara duga, zbog toga je ra\u010dun op\u0161tine \u010desto u blokadi, preduze\u0107a &hellip; <\/p>\n","protected":false},"author":2,"featured_media":37176,"comment_status":"open","ping_status":"open","sticky":false,"template":"","format":"standard","meta":{"footnotes":""},"categories":[1524,2,13,1519,12],"tags":[3060,2036,441,1084],"_links":{"self":[{"href":"https:\/\/centralmedia.rs\/index.php\/wp-json\/wp\/v2\/posts\/37175"}],"collection":[{"href":"https:\/\/centralmedia.rs\/index.php\/wp-json\/wp\/v2\/posts"}],"about":[{"href":"https:\/\/centralmedia.rs\/index.php\/wp-json\/wp\/v2\/types\/post"}],"author":[{"embeddable":true,"href":"https:\/\/centralmedia.rs\/index.php\/wp-json\/wp\/v2\/users\/2"}],"replies":[{"embeddable":true,"href":"https:\/\/centralmedia.rs\/index.php\/wp-json\/wp\/v2\/comments?post=37175"}],"version-history":[{"count":1,"href":"https:\/\/centralmedia.rs\/index.php\/wp-json\/wp\/v2\/posts\/37175\/revisions"}],"predecessor-version":[{"id":37179,"href":"https:\/\/centralmedia.rs\/index.php\/wp-json\/wp\/v2\/posts\/37175\/revisions\/37179"}],"wp:featuredmedia":[{"embeddable":true,"href":"https:\/\/centralmedia.rs\/index.php\/wp-json\/wp\/v2\/media\/37176"}],"wp:attachment":[{"href":"https:\/\/centralmedia.rs\/index.php\/wp-json\/wp\/v2\/media?parent=37175"}],"wp:term":[{"taxonomy":"category","embeddable":true,"href":"https:\/\/centralmedia.rs\/index.php\/wp-json\/wp\/v2\/categories?post=37175"},{"taxonomy":"post_tag","embeddable":true,"href":"https:\/\/centralmedia.rs\/index.php\/wp-json\/wp\/v2\/tags?post=37175"}],"curies":[{"name":"wp","href":"https:\/\/api.w.org\/{rel}","templated":true}]}}