{"id":37180,"date":"2023-12-16T12:08:58","date_gmt":"2023-12-16T11:08:58","guid":{"rendered":"http:\/\/centralmedia.rs\/?p=37180"},"modified":"2023-12-18T20:03:32","modified_gmt":"2023-12-18T19:03:32","slug":"lecic-oseca-krivicu-i-kajanje-zbog-izrucenja-milosevica-hagu","status":"publish","type":"post","link":"https:\/\/centralmedia.rs\/index.php\/2023\/12\/16\/lecic-oseca-krivicu-i-kajanje-zbog-izrucenja-milosevica-hagu\/","title":{"rendered":"LE\u010cI\u0106 OSE\u0106A KRIVICU I KAJANJE ZBOG IZRU\u010cENJA MILO\u0160EVI\u0106A HAGU"},"content":{"rendered":"<p>&nbsp;<\/p>\n<p>\u017divotna isposvest kralja srpskih trgova sa opozicionih protesta devedesetih, a i kasnije. Glumac Branislav Le\u010di\u0107 na TV Pink ka\u017ee za sebe da je bio jedan od korisnih idiota, tada ministar kulture i medija u vladi Zorana \u0110in\u0111i\u0107a, prilikom izru\u010denja Slobodana Milo\u0161evi\u0107a u Hag.<\/p>\n<p>-U takvom na\u010dinu razmi\u0161ljanja danas smatram da sam bio jedan od korisnih idiota koji je verovao u ispravnost toga. Sa punom odgovorno\u0161\u0107u sada javno mogu da ka\u017eem da se jako ose\u0107am krivim i kajem zbog \u010dinjenice da smo Slobodana Milo\u0161evi\u0107a poslali u Hag. Ne stidim se da to ka\u017eem otvoreno. Mislim da \u0107u se do kraja \u017eivota kajati zbog toga. Trebalo je da se sudi ovde u zemlji, nikako da se izru\u010duje bilo kome, ka\u017ee Le\u010di\u0107 posle 22 od izru\u010denja.<\/p>\n","protected":false},"excerpt":{"rendered":"<p>&nbsp; \u017divotna isposvest kralja srpskih trgova sa opozicionih protesta devedesetih, a i kasnije. Glumac Branislav Le\u010di\u0107 na TV Pink ka\u017ee za sebe da je bio &hellip; <\/p>\n","protected":false},"author":2,"featured_media":37181,"comment_status":"open","ping_status":"open","sticky":false,"template":"","format":"standard","meta":{"footnotes":""},"categories":[2,13,12],"tags":[6406,5182,1357],"_links":{"self":[{"href":"https:\/\/centralmedia.rs\/index.php\/wp-json\/wp\/v2\/posts\/37180"}],"collection":[{"href":"https:\/\/centralmedia.rs\/index.php\/wp-json\/wp\/v2\/posts"}],"about":[{"href":"https:\/\/centralmedia.rs\/index.php\/wp-json\/wp\/v2\/types\/post"}],"author":[{"embeddable":true,"href":"https:\/\/centralmedia.rs\/index.php\/wp-json\/wp\/v2\/users\/2"}],"replies":[{"embeddable":true,"href":"https:\/\/centralmedia.rs\/index.php\/wp-json\/wp\/v2\/comments?post=37180"}],"version-history":[{"count":1,"href":"https:\/\/centralmedia.rs\/index.php\/wp-json\/wp\/v2\/posts\/37180\/revisions"}],"predecessor-version":[{"id":37182,"href":"https:\/\/centralmedia.rs\/index.php\/wp-json\/wp\/v2\/posts\/37180\/revisions\/37182"}],"wp:featuredmedia":[{"embeddable":true,"href":"https:\/\/centralmedia.rs\/index.php\/wp-json\/wp\/v2\/media\/37181"}],"wp:attachment":[{"href":"https:\/\/centralmedia.rs\/index.php\/wp-json\/wp\/v2\/media?parent=37180"}],"wp:term":[{"taxonomy":"category","embeddable":true,"href":"https:\/\/centralmedia.rs\/index.php\/wp-json\/wp\/v2\/categories?post=37180"},{"taxonomy":"post_tag","embeddable":true,"href":"https:\/\/centralmedia.rs\/index.php\/wp-json\/wp\/v2\/tags?post=37180"}],"curies":[{"name":"wp","href":"https:\/\/api.w.org\/{rel}","templated":true}]}}