{"id":37183,"date":"2023-12-17T12:22:24","date_gmt":"2023-12-17T11:22:24","guid":{"rendered":"http:\/\/centralmedia.rs\/?p=37183"},"modified":"2023-12-18T20:03:21","modified_gmt":"2023-12-18T19:03:21","slug":"izbori-u-srbiji-ukupna-izlaznost-do-11-casova-je-151-odsto-upisanih-biraca-u-jagodini-do-12-sati-199","status":"publish","type":"post","link":"https:\/\/centralmedia.rs\/index.php\/2023\/12\/17\/izbori-u-srbiji-ukupna-izlaznost-do-11-casova-je-151-odsto-upisanih-biraca-u-jagodini-do-12-sati-199\/","title":{"rendered":"IZBORI U SRBIJI: Ukupna izlaznost do 11 \u010dasova je 15,1 odsto upisanih bira\u010da, u Jagodini do 12 sati 19,9"},"content":{"rendered":"<p>&nbsp;<\/p>\n<p>SRBIJA danas bira novu republi\u010dku, pokrajinsku i lokalnu vlast. Gra\u0111ani, njih 6.500.666 sa pravom glasa, izabra\u0107e 14. po redu parlamentarni saziv, a u trci za 250 poslani\u010dkih mesta je 2.817 kandidata. \u017ditelji Vojvodine treba da odrede ko zauzeti 120 mesta pokrajinskog parlamenta. Novu vlast dobi\u0107e Beograd i Kragujevac, kao i preko 60 op\u0161tina \u0161irom Srbije.<\/p>\n<p>Predsednik Jedinstvene Srbije\u00a0 Dragan Markovi\u0107 Palma sa porodicom je glasao za parlamentarne\u00a0 izbore na bira\u010dkom mestu u rodnom Kon\u010darevu u 10 \u010dasova<\/p>\n<p>IPSOS\/Cesid objavio je najnovije podatke o izlaznosti do 11 \u010dasova &#8211; ukupna izlaznost je 15,1 odsto upisanih bira\u010da. Pore\u0111enja radi, u isto vreme na izborima odr\u017eanim 2022. godine izlaznost je iznosila 14,1 odsto.<\/p>\n<p>RIK je saop\u0161tio da je do 10 \u010dasova u Srbiji, bez KiM, glasalo je 9,94 posto od ukupnog broja, pore\u0111enja radi na prethodnim izborima izlaznost je bila 9,59 odsto.<\/p>\n<p>U Jagodini je do 12 sati glasalo 19,9 odsto. Na tri bira\u010dka mesta, koja su uzorak, glasalo je 24,8 odsto, odnosno 18 i 17.<\/p>\n","protected":false},"excerpt":{"rendered":"<p>&nbsp; SRBIJA danas bira novu republi\u010dku, pokrajinsku i lokalnu vlast. Gra\u0111ani, njih 6.500.666 sa pravom glasa, izabra\u0107e 14. po redu parlamentarni saziv, a u trci &hellip; <\/p>\n","protected":false},"author":2,"featured_media":37184,"comment_status":"open","ping_status":"open","sticky":false,"template":"","format":"standard","meta":{"footnotes":""},"categories":[1524,2,1514,13,12],"tags":[6390,58,1112],"_links":{"self":[{"href":"https:\/\/centralmedia.rs\/index.php\/wp-json\/wp\/v2\/posts\/37183"}],"collection":[{"href":"https:\/\/centralmedia.rs\/index.php\/wp-json\/wp\/v2\/posts"}],"about":[{"href":"https:\/\/centralmedia.rs\/index.php\/wp-json\/wp\/v2\/types\/post"}],"author":[{"embeddable":true,"href":"https:\/\/centralmedia.rs\/index.php\/wp-json\/wp\/v2\/users\/2"}],"replies":[{"embeddable":true,"href":"https:\/\/centralmedia.rs\/index.php\/wp-json\/wp\/v2\/comments?post=37183"}],"version-history":[{"count":3,"href":"https:\/\/centralmedia.rs\/index.php\/wp-json\/wp\/v2\/posts\/37183\/revisions"}],"predecessor-version":[{"id":37187,"href":"https:\/\/centralmedia.rs\/index.php\/wp-json\/wp\/v2\/posts\/37183\/revisions\/37187"}],"wp:featuredmedia":[{"embeddable":true,"href":"https:\/\/centralmedia.rs\/index.php\/wp-json\/wp\/v2\/media\/37184"}],"wp:attachment":[{"href":"https:\/\/centralmedia.rs\/index.php\/wp-json\/wp\/v2\/media?parent=37183"}],"wp:term":[{"taxonomy":"category","embeddable":true,"href":"https:\/\/centralmedia.rs\/index.php\/wp-json\/wp\/v2\/categories?post=37183"},{"taxonomy":"post_tag","embeddable":true,"href":"https:\/\/centralmedia.rs\/index.php\/wp-json\/wp\/v2\/tags?post=37183"}],"curies":[{"name":"wp","href":"https:\/\/api.w.org\/{rel}","templated":true}]}}