{"id":37188,"date":"2023-12-17T22:50:57","date_gmt":"2023-12-17T21:50:57","guid":{"rendered":"http:\/\/centralmedia.rs\/?p=37188"},"modified":"2023-12-21T14:22:09","modified_gmt":"2023-12-21T13:22:09","slug":"vucic-lista-srbija-ne-sme-da-stane-imace-apsolutnu-vecinu-u-parlametu-srbje","status":"publish","type":"post","link":"https:\/\/centralmedia.rs\/index.php\/2023\/12\/17\/vucic-lista-srbija-ne-sme-da-stane-imace-apsolutnu-vecinu-u-parlametu-srbje\/","title":{"rendered":"VU\u010cI\u0106 \u2013 LISTA ,,SRBIJA NE SME DA STANE\u201c IMA\u0106E APSOLUTNU VE\u0106INU U PARLAMETU SRBJE"},"content":{"rendered":"<p>&nbsp;<\/p>\n<p>Predsednik Srbije aleksandar Vu\u010di\u0107 obratio se ve\u010deras iz \u0161taba SNS i izjavio da \u0107e lista ,,Srbija ne sme da stane\u201c\u00a0 iamti apsolutnu ve\u0107inu u parlamenta Srbije. Na uzorku od 76 odsto, bez KIM, raspored mandata je slede\u0107i:<\/p>\n<p>Srbija ne sme da stane 46,5<\/p>\n<p>Srbija protiv nasilja 23,5<\/p>\n<p>SPS 6,5<\/p>\n<p>Nada 4,9<\/p>\n<p>Mi \u2013 glas iz naroda 4,7<\/p>\n<p>SVM 1,9<\/p>\n<p>U BEOGRADU naprednjaci nemaju apsolutnu ve\u0107inu i formiranje vlasti \u0107e zavisiti od liste Mi- glas naroda<\/p>\n<p>Srbija ne sme da stane 38,5<\/p>\n<p>Srbija protiv nasilja 35<\/p>\n<p>Nada 6<\/p>\n<p>SPS 5,4<\/p>\n<p>Mi &#8211; glas iz naroda 5,1<\/p>\n<p>,,Srbija ne sme da stane\u201c je ubedljivo pobedila u Kragujevcu, Kru\u0161evcu, Smederevu, Kni\u0107u<\/p>\n","protected":false},"excerpt":{"rendered":"<p>&nbsp; Predsednik Srbije aleksandar Vu\u010di\u0107 obratio se ve\u010deras iz \u0161taba SNS i izjavio da \u0107e lista ,,Srbija ne sme da stane\u201c\u00a0 iamti apsolutnu ve\u0107inu u &hellip; <\/p>\n","protected":false},"author":2,"featured_media":37189,"comment_status":"open","ping_status":"open","sticky":false,"template":"","format":"standard","meta":{"footnotes":""},"categories":[2,13,12],"tags":[6390,6407,6402],"_links":{"self":[{"href":"https:\/\/centralmedia.rs\/index.php\/wp-json\/wp\/v2\/posts\/37188"}],"collection":[{"href":"https:\/\/centralmedia.rs\/index.php\/wp-json\/wp\/v2\/posts"}],"about":[{"href":"https:\/\/centralmedia.rs\/index.php\/wp-json\/wp\/v2\/types\/post"}],"author":[{"embeddable":true,"href":"https:\/\/centralmedia.rs\/index.php\/wp-json\/wp\/v2\/users\/2"}],"replies":[{"embeddable":true,"href":"https:\/\/centralmedia.rs\/index.php\/wp-json\/wp\/v2\/comments?post=37188"}],"version-history":[{"count":1,"href":"https:\/\/centralmedia.rs\/index.php\/wp-json\/wp\/v2\/posts\/37188\/revisions"}],"predecessor-version":[{"id":37190,"href":"https:\/\/centralmedia.rs\/index.php\/wp-json\/wp\/v2\/posts\/37188\/revisions\/37190"}],"wp:featuredmedia":[{"embeddable":true,"href":"https:\/\/centralmedia.rs\/index.php\/wp-json\/wp\/v2\/media\/37189"}],"wp:attachment":[{"href":"https:\/\/centralmedia.rs\/index.php\/wp-json\/wp\/v2\/media?parent=37188"}],"wp:term":[{"taxonomy":"category","embeddable":true,"href":"https:\/\/centralmedia.rs\/index.php\/wp-json\/wp\/v2\/categories?post=37188"},{"taxonomy":"post_tag","embeddable":true,"href":"https:\/\/centralmedia.rs\/index.php\/wp-json\/wp\/v2\/tags?post=37188"}],"curies":[{"name":"wp","href":"https:\/\/api.w.org\/{rel}","templated":true}]}}