{"id":3722,"date":"2016-07-13T08:56:08","date_gmt":"2016-07-13T08:56:08","guid":{"rendered":"http:\/\/centralmedia.rs\/?p=3722"},"modified":"2017-01-20T01:38:18","modified_gmt":"2017-01-20T01:38:18","slug":"najmladi-predsednik-opstine-u-srbiji-dr-aleksandar-dordevic-iz-rekovca","status":"publish","type":"post","link":"https:\/\/centralmedia.rs\/index.php\/2016\/07\/13\/najmladi-predsednik-opstine-u-srbiji-dr-aleksandar-dordevic-iz-rekovca\/","title":{"rendered":"NAJMLA\u0110I PREDSEDNIK OP\u0160TINE U SRBIJI-DR ALEKSANDAR \u0110OR\u0110EVI\u0106 IZ REKOVCA"},"content":{"rendered":"<p>REKOVAC-Najmla\u0111i predsednik op\u0161tine u Srbiji je dr Aleksandar \u0110or\u0111evi\u0107 (30) iz Rekovca. On je \u010dlan SNS i zaposlen u lokalnom Domu zdravlju, lekar je u lokalnom fudbalskom klubu.<br \/>\n-Ro\u0111en sam u Surdulici, osnovu i srednju \u0161kolu zavr\u0161io sam u Vladi\u010dinom Hanu, a Medicinski fakultet u Beogradu. Moj stariji brat je zavr\u0161io Veterinarski fakultet i on je do\u0161ao u Rekovac 2004 godine, tu se o\u017eenio i pre\u0161ao za Kragujevac. Pre pet godina moji roditelji su odlu\u010dili da u ove kupe ku\u0107u u maj\u010dinom rodnom selu Te\u010di\u0107. Rekovac je malo mesto, ali veoma dobro za \u017eivot. Uslovi \u017eivota su povoljniji nego u nekom ve\u0107em gradu. Do\u0161ao sam u Rekovac 1. avgusta 2013. godine i po\u010deo da radim na ugovor o delu, a od 1. decembra iste godine radim kao lekar u Hitnoj pomo\u0107i , pri\u010dao o sebi dr \u0110or\u0111evi\u0107.<br \/>\nLekarsku specilalizaciju ka\u017ee da jo\u0161 ne mo\u017ee da je o\u010dekuje, jer su uslovi u Rekovcu specifi\u010dni. U me\u0111uvremenu, posle burnih politi\u010dkih previranja, on je izabran za predesnika op\u0161tine.<\/p>\n<p><div id='gallery-1' class='gallery galleryid-3722 gallery-columns-2 gallery-size-large'><figure class='gallery-item'>\n\t\t\t<div class='gallery-icon landscape'>\n\t\t\t\t<a href='https:\/\/centralmedia.rs\/index.php\/2016\/07\/13\/najmladi-predsednik-opstine-u-srbiji-dr-aleksandar-dordevic-iz-rekovca\/opstina-rekovac-g-j\/'><img loading=\"lazy\" decoding=\"async\" width=\"760\" height=\"480\" src=\"https:\/\/centralmedia.rs\/wp-content\/uploads\/2016\/07\/opstina-rekovac-g.j..jpg\" class=\"attachment-large size-large\" alt=\"\" srcset=\"https:\/\/centralmedia.rs\/wp-content\/uploads\/2016\/07\/opstina-rekovac-g.j..jpg 900w, https:\/\/centralmedia.rs\/wp-content\/uploads\/2016\/07\/opstina-rekovac-g.j.-300x190.jpg 300w, https:\/\/centralmedia.rs\/wp-content\/uploads\/2016\/07\/opstina-rekovac-g.j.-768x486.jpg 768w\" sizes=\"(max-width: 760px) 100vw, 760px\" \/><\/a>\n\t\t\t<\/div><\/figure><figure class='gallery-item'>\n\t\t\t<div class='gallery-icon landscape'>\n\t\t\t\t<a href='https:\/\/centralmedia.rs\/index.php\/2016\/07\/13\/najmladi-predsednik-opstine-u-srbiji-dr-aleksandar-dordevic-iz-rekovca\/aleksandar-djordjevic-1-rekovac-g-j\/'><img loading=\"lazy\" decoding=\"async\" width=\"760\" height=\"505\" src=\"https:\/\/centralmedia.rs\/wp-content\/uploads\/2016\/07\/aleksandar-djordjevic-1-rekovac-g.j..jpg\" class=\"attachment-large size-large\" alt=\"\" srcset=\"https:\/\/centralmedia.rs\/wp-content\/uploads\/2016\/07\/aleksandar-djordjevic-1-rekovac-g.j..jpg 903w, https:\/\/centralmedia.rs\/wp-content\/uploads\/2016\/07\/aleksandar-djordjevic-1-rekovac-g.j.-300x199.jpg 300w, https:\/\/centralmedia.rs\/wp-content\/uploads\/2016\/07\/aleksandar-djordjevic-1-rekovac-g.j.-768x510.jpg 768w\" sizes=\"(max-width: 760px) 100vw, 760px\" \/><\/a>\n\t\t\t<\/div><\/figure>\n\t\t<\/div>\n<br \/>\n-Najhitnije je da stabilizujemo bud\u017eet, kako ne bi doveli rad op\u0161tine u pitanje i kako bi finansije bile stabilne. Svaka predhodna vlast se borila, nigde ne ,,svetaju ru\u017ee\u201d. Bud\u017eet je mali, a potra\u017eivanja velika, ogroman je raskorak. Nadam se da \u0107emo imati dobre rezultate. Glavni cilj je zadr\u017eati mlade I obrazovane ljude. To \u0107emo uraditi pove\u0107anjem radnih mesta, odnosno novim investicijama, ka\u017ee dr \u0110or\u0111evi\u0107.<br \/>\nPlan je da op\u0161tina konkuri\u0161e za dr\u017eavne i evropske projekte za zapo\u0161ljavanje.<br \/>\n-Moramo da izdejstvujemo otvaranje nove fabrike, makar to bilo od 10 do 20 radnika na po\u010detku. Veliki broj radnika je oti\u0161ao iz na\u0161eg pogona Fabrike kablova, ona je je bila glavni prihod u Lev\u010du. Ideja je da se taj pogon upotrebi za novog investitora. Konkurisali smo za projekat farbike za stilski name\u0161taj, gde bi zaposlili 60 stolara, koliko ih je na evidenciji nezaposlenih. Sa druge strane postoji zabrana zapo\u0161ljavanja u javnom sektoru, isti\u010de dr \u0110or\u0111evi\u0107.<\/p>\n<p><div id='gallery-2' class='gallery galleryid-3722 gallery-columns-2 gallery-size-large'><figure class='gallery-item'>\n\t\t\t<div class='gallery-icon landscape'>\n\t\t\t\t<a href='https:\/\/centralmedia.rs\/index.php\/2016\/07\/13\/najmladi-predsednik-opstine-u-srbiji-dr-aleksandar-dordevic-iz-rekovca\/rekovac\/'><img loading=\"lazy\" decoding=\"async\" width=\"760\" height=\"480\" src=\"https:\/\/centralmedia.rs\/wp-content\/uploads\/2016\/07\/rekovac.jpg\" class=\"attachment-large size-large\" alt=\"rekovac\" srcset=\"https:\/\/centralmedia.rs\/wp-content\/uploads\/2016\/07\/rekovac.jpg 900w, https:\/\/centralmedia.rs\/wp-content\/uploads\/2016\/07\/rekovac-300x189.jpg 300w, https:\/\/centralmedia.rs\/wp-content\/uploads\/2016\/07\/rekovac-768x485.jpg 768w\" sizes=\"(max-width: 760px) 100vw, 760px\" \/><\/a>\n\t\t\t<\/div><\/figure><figure class='gallery-item'>\n\t\t\t<div class='gallery-icon landscape'>\n\t\t\t\t<a href='https:\/\/centralmedia.rs\/index.php\/2016\/07\/13\/najmladi-predsednik-opstine-u-srbiji-dr-aleksandar-dordevic-iz-rekovca\/rekovac-1\/'><img loading=\"lazy\" decoding=\"async\" width=\"760\" height=\"460\" src=\"https:\/\/centralmedia.rs\/wp-content\/uploads\/2016\/07\/rekovac-1-1024x620.jpg\" class=\"attachment-large size-large\" alt=\"\" srcset=\"https:\/\/centralmedia.rs\/wp-content\/uploads\/2016\/07\/rekovac-1-1024x620.jpg 1024w, https:\/\/centralmedia.rs\/wp-content\/uploads\/2016\/07\/rekovac-1-300x182.jpg 300w, https:\/\/centralmedia.rs\/wp-content\/uploads\/2016\/07\/rekovac-1-768x465.jpg 768w\" sizes=\"(max-width: 760px) 100vw, 760px\" \/><\/a>\n\t\t\t<\/div><\/figure>\n\t\t<\/div>\n<br \/>\nPoljoprivreda i turizam su glavne okosnice razvoja Lev\u010da.<br \/>\n-Na\u017ealost ekstenzivna proizvodnja na malim povr\u0161inama ne daje profit, ve\u0107 to mora da bude na ve\u0107im povr\u0161inama. Su\u0161ara ili hladnja\u010da bi unapredile poljoprivrednu proizvodnju, ali takvi projekti ne mogu da se realizuju bez dr\u017eave. Sve op\u0161tine treba da imaju istu \u0161ansu za razvoj. Turizam je veliki potencijal, ali nemamo sme\u0161tajne kapacitete. Postoji veliko interesovanje turista i agencija , ali bez hotela ili razvijanja seoskog turizma nema boljitka, navodi dr \u0110or\u0111evi\u0107.<br \/>\nPovezivanje sa Kraljevom i Trstenikom, odnosno izgradnja puta prema tim gradovima je prioritet zbog pove\u0107anja tranzita i turizma, lak\u0161em pristupu novom auto putu, ali i potreba lokalnog stanovni\u0161tva. \u0110or\u0111evi\u0107 je posebno istakao potrebu za bli\u017eom saradnjom sa Jagodinom i Kragujevcem.<\/p>\n<p>&nbsp;<\/p>\n<p><strong><em><a href=\"https:\/\/centralmedia.rs\/wp-content\/uploads\/2016\/12\/grb.jpg\"><img loading=\"lazy\" decoding=\"async\" class=\"aligncenter size-medium wp-image-6520\" src=\"https:\/\/centralmedia.rs\/wp-content\/uploads\/2016\/12\/grb-210x300.jpg\" alt=\"\" width=\"210\" height=\"300\" srcset=\"https:\/\/centralmedia.rs\/wp-content\/uploads\/2016\/12\/grb-210x300.jpg 210w, https:\/\/centralmedia.rs\/wp-content\/uploads\/2016\/12\/grb.jpg 276w\" sizes=\"(max-width: 210px) 100vw, 210px\" \/><\/a>Pozitivni primeri Razglednica iz Rekovca \u2013 Projekat se realizuje uz pomo\u0107 sredstava iz bud\u017eeta Op\u0161tine Rekovac.<\/em><\/strong><\/p>\n","protected":false},"excerpt":{"rendered":"<p>REKOVAC-Najmla\u0111i predsednik op\u0161tine u Srbiji je dr Aleksandar \u0110or\u0111evi\u0107 (30) iz Rekovca. On je \u010dlan SNS i zaposlen u lokalnom Domu zdravlju, lekar je u &hellip; <\/p>\n","protected":false},"author":4,"featured_media":3723,"comment_status":"open","ping_status":"open","sticky":false,"template":"","format":"standard","meta":{"footnotes":""},"categories":[1524,2,13,887,1519,12],"tags":[967,968,441],"_links":{"self":[{"href":"https:\/\/centralmedia.rs\/index.php\/wp-json\/wp\/v2\/posts\/3722"}],"collection":[{"href":"https:\/\/centralmedia.rs\/index.php\/wp-json\/wp\/v2\/posts"}],"about":[{"href":"https:\/\/centralmedia.rs\/index.php\/wp-json\/wp\/v2\/types\/post"}],"author":[{"embeddable":true,"href":"https:\/\/centralmedia.rs\/index.php\/wp-json\/wp\/v2\/users\/4"}],"replies":[{"embeddable":true,"href":"https:\/\/centralmedia.rs\/index.php\/wp-json\/wp\/v2\/comments?post=3722"}],"version-history":[{"count":0,"href":"https:\/\/centralmedia.rs\/index.php\/wp-json\/wp\/v2\/posts\/3722\/revisions"}],"wp:featuredmedia":[{"embeddable":true,"href":"https:\/\/centralmedia.rs\/index.php\/wp-json\/wp\/v2\/media\/3723"}],"wp:attachment":[{"href":"https:\/\/centralmedia.rs\/index.php\/wp-json\/wp\/v2\/media?parent=3722"}],"wp:term":[{"taxonomy":"category","embeddable":true,"href":"https:\/\/centralmedia.rs\/index.php\/wp-json\/wp\/v2\/categories?post=3722"},{"taxonomy":"post_tag","embeddable":true,"href":"https:\/\/centralmedia.rs\/index.php\/wp-json\/wp\/v2\/tags?post=3722"}],"curies":[{"name":"wp","href":"https:\/\/api.w.org\/{rel}","templated":true}]}}