{"id":37235,"date":"2023-12-24T20:48:09","date_gmt":"2023-12-24T19:48:09","guid":{"rendered":"http:\/\/centralmedia.rs\/?p=37235"},"modified":"2024-01-03T19:05:04","modified_gmt":"2024-01-03T18:05:04","slug":"opozicija-priziva-scenario-majdan-u-beogradu-vucic-gradani-ne-brinite","status":"publish","type":"post","link":"https:\/\/centralmedia.rs\/index.php\/2023\/12\/24\/opozicija-priziva-scenario-majdan-u-beogradu-vucic-gradani-ne-brinite\/","title":{"rendered":"OPOZICIJA PRIZIVA SCENARIO ,,MAJDAN\u201c U BEOGRADU, VU\u010cI\u0106: GRA\u0110ANI NE BRINITE"},"content":{"rendered":"<p>&nbsp;<\/p>\n<p>Nezadovolji izbornim rezultatima, pre svega u Beogradu, lideri biv\u0161e vlasti i liste Srbija protiv nasilja ve\u010deras su posle mitinga ispred RIK radikalizovali protest i poku\u0161ali nasilno da u\u0111u u Skup\u0161tinu Beograda. Policija im ne dozvoljava da u\u0111u u zgradu, do\u0161lo je do incidenta razbijeni su vrata i prozori, ba\u010deni su suzavac i baklje, protestanti motkama i prskalicama poku\u0161avaju da pomere policajce sa ulaza. Tzv. lideri opozicije pozivaju gra\u0111ane da do\u0111u ispred Skup\u0161tine Beograda a policiju da iza\u0111e iz zgrade, ka\u017eu da ne\u0107e oti\u0107i sa tog mesta do daljeg, za sutra najavljuju novi protest i blokadu Beograda. Reagovao je predsednik Srbije Aleksandr Vu\u010di\u0107 koji je obra\u0107anju gra\u0111anima rekao da ne brinu jer nikakva revolucija nije u toku, da se dr\u017eava trudi da blagom i mirnom reakcijom ne povredi nekog od slu\u010dajnih demonstranata.<\/p>\n<p>-Na skupu ispred RIK bilo je 2490 ljudi, a ispred Skup\u0161tine Beograda 1195. Nekima je nasilje jedini na\u010din borbe protiv politi\u010dkih neistomi\u0161ljenika. Ukazivali smo da se danima spremaju na to jer znaju da narod ne \u017eeli za njih da glasa. Upozoravali smo inostrani faktor, strane slu\u017ebe su jasno stavile do znanja \u0161ta se sprema i dostavile podatke \u0161ta nasilnici i sile\u0111ije spremaju. Oni bi da ru\u0161e na\u0161e gradove, sela, ku\u0107e dr\u017eavu, ne\u0107emo im to dopustiti. Stigle su hiljade poziva iz Srbije, ljudi \u017eele da do\u0111u da brane Beograd, Srbiju, institucije &#8230;Mi ih molimo da to ne \u010dine, dr\u017eava je dovoljno sna\u017ena, njene institucije su dvoljno sna\u017ene da odbrane demokratiju i izbornu volju gra\u0111ana, da odbrane Beograd i Srbiju. Izgrednici i sile\u0111ije bi\u0107e privedeni poznaniju prava, uhap\u0161eni, a posle toda nadle\u017eni dr\u017eavni organi reagova\u0107e u skladu sa ustavom i zakonom, najavio je Vu\u010di\u0107 i dodao da nasilje u Beogradu ima inspiratore i nalogodovace u regionu, a pozadina je slo\u017eena geopoliti\u010dka situacija.<\/p>\n<p>screen shot TV N1<\/p>\n","protected":false},"excerpt":{"rendered":"<p>&nbsp; Nezadovolji izbornim rezultatima, pre svega u Beogradu, lideri biv\u0161e vlasti i liste Srbija protiv nasilja ve\u010deras su posle mitinga ispred RIK radikalizovali protest i &hellip; <\/p>\n","protected":false},"author":2,"featured_media":37237,"comment_status":"open","ping_status":"open","sticky":false,"template":"","format":"standard","meta":{"footnotes":""},"categories":[2,13,12],"tags":[359,1485,532,63],"_links":{"self":[{"href":"https:\/\/centralmedia.rs\/index.php\/wp-json\/wp\/v2\/posts\/37235"}],"collection":[{"href":"https:\/\/centralmedia.rs\/index.php\/wp-json\/wp\/v2\/posts"}],"about":[{"href":"https:\/\/centralmedia.rs\/index.php\/wp-json\/wp\/v2\/types\/post"}],"author":[{"embeddable":true,"href":"https:\/\/centralmedia.rs\/index.php\/wp-json\/wp\/v2\/users\/2"}],"replies":[{"embeddable":true,"href":"https:\/\/centralmedia.rs\/index.php\/wp-json\/wp\/v2\/comments?post=37235"}],"version-history":[{"count":1,"href":"https:\/\/centralmedia.rs\/index.php\/wp-json\/wp\/v2\/posts\/37235\/revisions"}],"predecessor-version":[{"id":37238,"href":"https:\/\/centralmedia.rs\/index.php\/wp-json\/wp\/v2\/posts\/37235\/revisions\/37238"}],"wp:featuredmedia":[{"embeddable":true,"href":"https:\/\/centralmedia.rs\/index.php\/wp-json\/wp\/v2\/media\/37237"}],"wp:attachment":[{"href":"https:\/\/centralmedia.rs\/index.php\/wp-json\/wp\/v2\/media?parent=37235"}],"wp:term":[{"taxonomy":"category","embeddable":true,"href":"https:\/\/centralmedia.rs\/index.php\/wp-json\/wp\/v2\/categories?post=37235"},{"taxonomy":"post_tag","embeddable":true,"href":"https:\/\/centralmedia.rs\/index.php\/wp-json\/wp\/v2\/tags?post=37235"}],"curies":[{"name":"wp","href":"https:\/\/api.w.org\/{rel}","templated":true}]}}