{"id":37255,"date":"2023-12-29T19:04:10","date_gmt":"2023-12-29T18:04:10","guid":{"rendered":"http:\/\/centralmedia.rs\/?p=37255"},"modified":"2024-01-07T19:38:23","modified_gmt":"2024-01-07T18:38:23","slug":"otvorena-kriva-carsija","status":"publish","type":"post","link":"https:\/\/centralmedia.rs\/index.php\/2023\/12\/29\/otvorena-kriva-carsija\/","title":{"rendered":"OTVORENA KRIVA \u010cAR\u0160IJA"},"content":{"rendered":"<p>&nbsp;<\/p>\n<p>SVILAJNAC- Posle \u0161estomese\u010dne rekonstrukcije, predsednik op\u0161tine Svilajnac Predrag Milanovi\u0107 otvorio je pe\u0161a\u010dku zonu Kriva \u010dar\u0161ija. Prazni\u010dni bazar, novogodi\u0161nji ambijent, trg pun dece, pesma, novogodi\u0161nje tezge uveli\u010dali su otvaranje. Rekonstrukciju je finansirao EPS sa 150 miliona dinara, re\u010d je kapitalnim radovima na podzemnoj infrastrukturi i postavljanju kamenih plo\u010da, te kompletnom ure\u0111enju trga i spomenika Stevanu Sin\u0111eli\u0107u.<\/p>\n<div id='gallery-1' class='gallery galleryid-37255 gallery-columns-2 gallery-size-thumbnail'><figure class='gallery-item'>\n\t\t\t<div class='gallery-icon portrait'>\n\t\t\t\t<a href='https:\/\/centralmedia.rs\/index.php\/2023\/12\/29\/otvorena-kriva-carsija\/bazar1-2\/'><img loading=\"lazy\" decoding=\"async\" width=\"150\" height=\"150\" src=\"https:\/\/centralmedia.rs\/wp-content\/uploads\/2023\/12\/bazar1-150x150.jpg\" class=\"attachment-thumbnail size-thumbnail\" alt=\"\" \/><\/a>\n\t\t\t<\/div><\/figure><figure class='gallery-item'>\n\t\t\t<div class='gallery-icon portrait'>\n\t\t\t\t<a href='https:\/\/centralmedia.rs\/index.php\/2023\/12\/29\/otvorena-kriva-carsija\/bazar2\/'><img loading=\"lazy\" decoding=\"async\" width=\"150\" height=\"150\" src=\"https:\/\/centralmedia.rs\/wp-content\/uploads\/2023\/12\/bazar2-150x150.jpg\" class=\"attachment-thumbnail size-thumbnail\" alt=\"\" \/><\/a>\n\t\t\t<\/div><\/figure>\n\t\t<\/div>\n\n<p>Uve\u010de je po\u010deo Novogodi\u0161nji bazar na Trgu Stevana Sin\u0111eli\u0107a, koji je sijao od ukrasa, lampiona i de\u010dijih osmeha. Deca svih osnovnih \u0161kola i na\u0161eg vrti\u0107a su kitila jelke, a organizovana je i radionica za decu na kojoj su pravili novogodi\u0161nje ukrase. Prvi program je bio radionica &#8220;Osmeh ponesi, ukras odnesi&#8221; na kojoj \u0107e na\u0161i najmla\u0111i posetioci izra\u0111ivati novogodi\u0161nje ukrase.<\/p>\n<p>Program je nastavljen ve\u010deras od 18 \u010dasova de\u010dijom predstavom &#8220;Najlep\u0161i novogodi\u0161nji poklon&#8221;, koju izvodi edukativni teatar Subotica.<\/p>\n","protected":false},"excerpt":{"rendered":"<p>&nbsp; SVILAJNAC- Posle \u0161estomese\u010dne rekonstrukcije, predsednik op\u0161tine Svilajnac Predrag Milanovi\u0107 otvorio je pe\u0161a\u010dku zonu Kriva \u010dar\u0161ija. Prazni\u010dni bazar, novogodi\u0161nji ambijent, trg pun dece, pesma, novogodi\u0161nje &hellip; <\/p>\n","protected":false},"author":2,"featured_media":37258,"comment_status":"open","ping_status":"open","sticky":false,"template":"","format":"standard","meta":{"footnotes":""},"categories":[1524,2,23,887,5785,1517,3055],"tags":[6411,38],"_links":{"self":[{"href":"https:\/\/centralmedia.rs\/index.php\/wp-json\/wp\/v2\/posts\/37255"}],"collection":[{"href":"https:\/\/centralmedia.rs\/index.php\/wp-json\/wp\/v2\/posts"}],"about":[{"href":"https:\/\/centralmedia.rs\/index.php\/wp-json\/wp\/v2\/types\/post"}],"author":[{"embeddable":true,"href":"https:\/\/centralmedia.rs\/index.php\/wp-json\/wp\/v2\/users\/2"}],"replies":[{"embeddable":true,"href":"https:\/\/centralmedia.rs\/index.php\/wp-json\/wp\/v2\/comments?post=37255"}],"version-history":[{"count":2,"href":"https:\/\/centralmedia.rs\/index.php\/wp-json\/wp\/v2\/posts\/37255\/revisions"}],"predecessor-version":[{"id":37261,"href":"https:\/\/centralmedia.rs\/index.php\/wp-json\/wp\/v2\/posts\/37255\/revisions\/37261"}],"wp:featuredmedia":[{"embeddable":true,"href":"https:\/\/centralmedia.rs\/index.php\/wp-json\/wp\/v2\/media\/37258"}],"wp:attachment":[{"href":"https:\/\/centralmedia.rs\/index.php\/wp-json\/wp\/v2\/media?parent=37255"}],"wp:term":[{"taxonomy":"category","embeddable":true,"href":"https:\/\/centralmedia.rs\/index.php\/wp-json\/wp\/v2\/categories?post=37255"},{"taxonomy":"post_tag","embeddable":true,"href":"https:\/\/centralmedia.rs\/index.php\/wp-json\/wp\/v2\/tags?post=37255"}],"curies":[{"name":"wp","href":"https:\/\/api.w.org\/{rel}","templated":true}]}}