{"id":37286,"date":"2024-01-04T18:11:08","date_gmt":"2024-01-04T17:11:08","guid":{"rendered":"http:\/\/centralmedia.rs\/?p=37286"},"modified":"2024-01-12T20:42:16","modified_gmt":"2024-01-12T19:42:16","slug":"srbija-vraca-obavezni-vojni-rok-posle-14-godina-generalstab-pokrenuo-inicijativu-i-predlog-poslao-vucicu","status":"publish","type":"post","link":"https:\/\/centralmedia.rs\/index.php\/2024\/01\/04\/srbija-vraca-obavezni-vojni-rok-posle-14-godina-generalstab-pokrenuo-inicijativu-i-predlog-poslao-vucicu\/","title":{"rendered":"SRBIJA VRA\u0106A OBAVEZNI VOJNI ROK POSLE 14 GODINA?! GENERAL\u0160TAB POKRENUO INICIJATIVU I PREDLOG POSLAO VU\u010cI\u0106U"},"content":{"rendered":"<p>&nbsp;<\/p>\n<p>General\u0161tab Vojske Srbije pokrenuo je inicijativu i predlo\u017eio predsedniku Republike i vrhovnom komandantu Vojske Srbije Aleksandru Vu\u010di\u0107u ponovno uvo\u0111enje obaveze slu\u017eenja vojnog roka, u trajanju do \u010detiri meseca, saop\u0161tilo je Ministarstvo odbrane.<\/p>\n<p>Vojska Srbije suo\u010dava se sa velikim\u00a0 problemima, samo u pro\u0161loj godini vojsku je napustilo 12 hiljada pripadnika, te se nametnulo pitanje kako obezbediti popunu za neometano funkcionisanje. Obavezno slu\u017eenje vojnog roka u Srbiji je suspendovano 2010. Godine. Najava je nai\u0161la na negodovanje \u0161ire javnosti, te se predla\u017ee da to pitanje bude provereno na referendum.<\/p>\n<p>Foto Vojska Srbije<\/p>\n","protected":false},"excerpt":{"rendered":"<p>&nbsp; General\u0161tab Vojske Srbije pokrenuo je inicijativu i predlo\u017eio predsedniku Republike i vrhovnom komandantu Vojske Srbije Aleksandru Vu\u010di\u0107u ponovno uvo\u0111enje obaveze slu\u017eenja vojnog roka, u &hellip; <\/p>\n","protected":false},"author":2,"featured_media":37287,"comment_status":"open","ping_status":"open","sticky":false,"template":"","format":"standard","meta":{"footnotes":""},"categories":[20,12],"tags":[6415,244],"_links":{"self":[{"href":"https:\/\/centralmedia.rs\/index.php\/wp-json\/wp\/v2\/posts\/37286"}],"collection":[{"href":"https:\/\/centralmedia.rs\/index.php\/wp-json\/wp\/v2\/posts"}],"about":[{"href":"https:\/\/centralmedia.rs\/index.php\/wp-json\/wp\/v2\/types\/post"}],"author":[{"embeddable":true,"href":"https:\/\/centralmedia.rs\/index.php\/wp-json\/wp\/v2\/users\/2"}],"replies":[{"embeddable":true,"href":"https:\/\/centralmedia.rs\/index.php\/wp-json\/wp\/v2\/comments?post=37286"}],"version-history":[{"count":1,"href":"https:\/\/centralmedia.rs\/index.php\/wp-json\/wp\/v2\/posts\/37286\/revisions"}],"predecessor-version":[{"id":37288,"href":"https:\/\/centralmedia.rs\/index.php\/wp-json\/wp\/v2\/posts\/37286\/revisions\/37288"}],"wp:featuredmedia":[{"embeddable":true,"href":"https:\/\/centralmedia.rs\/index.php\/wp-json\/wp\/v2\/media\/37287"}],"wp:attachment":[{"href":"https:\/\/centralmedia.rs\/index.php\/wp-json\/wp\/v2\/media?parent=37286"}],"wp:term":[{"taxonomy":"category","embeddable":true,"href":"https:\/\/centralmedia.rs\/index.php\/wp-json\/wp\/v2\/categories?post=37286"},{"taxonomy":"post_tag","embeddable":true,"href":"https:\/\/centralmedia.rs\/index.php\/wp-json\/wp\/v2\/tags?post=37286"}],"curies":[{"name":"wp","href":"https:\/\/api.w.org\/{rel}","templated":true}]}}