{"id":3730,"date":"2016-07-13T15:56:34","date_gmt":"2016-07-13T15:56:34","guid":{"rendered":"http:\/\/centralmedia.rs\/?p=3730"},"modified":"2017-01-20T01:37:09","modified_gmt":"2017-01-20T01:37:09","slug":"deca-iz-cuprije-na-kipru","status":"publish","type":"post","link":"https:\/\/centralmedia.rs\/index.php\/2016\/07\/13\/deca-iz-cuprije-na-kipru\/","title":{"rendered":"DECA IZ \u0106UPRIJE NA KIPRU"},"content":{"rendered":"<p>\u0106UPRIJA-\u0106uprija i Kipar krunisa\u0107e saradnju, zapo\u010detu pro\u0161le godine, boravkom dece koja su u\u010destvovala ove i pro\u0161le godine na manifestaciji ,,Srbija u ritmu Evrope\u201c, saop\u0161teno je danas prilikom potpisivanja ugovora o u\u010de\u0161\u0107u te op\u0161tine na toj manifestaciji 2017. godine.<\/p>\n<p><div id='gallery-1' class='gallery galleryid-3730 gallery-columns-2 gallery-size-large'><figure class='gallery-item'>\n\t\t\t<div class='gallery-icon landscape'>\n\t\t\t\t<a href='https:\/\/centralmedia.rs\/index.php\/2016\/07\/13\/deca-iz-cuprije-na-kipru\/ugovor-1-cuprija-g-j\/'><img loading=\"lazy\" decoding=\"async\" width=\"760\" height=\"504\" src=\"https:\/\/centralmedia.rs\/wp-content\/uploads\/2016\/07\/ugovor-1-cuprija-g.j..jpg\" class=\"attachment-large size-large\" alt=\"\" srcset=\"https:\/\/centralmedia.rs\/wp-content\/uploads\/2016\/07\/ugovor-1-cuprija-g.j..jpg 905w, https:\/\/centralmedia.rs\/wp-content\/uploads\/2016\/07\/ugovor-1-cuprija-g.j.-300x199.jpg 300w, https:\/\/centralmedia.rs\/wp-content\/uploads\/2016\/07\/ugovor-1-cuprija-g.j.-768x509.jpg 768w\" sizes=\"(max-width: 760px) 100vw, 760px\" \/><\/a>\n\t\t\t<\/div><\/figure><figure class='gallery-item'>\n\t\t\t<div class='gallery-icon landscape'>\n\t\t\t\t<a href='https:\/\/centralmedia.rs\/index.php\/2016\/07\/13\/deca-iz-cuprije-na-kipru\/ugovor-2-cuprija-g-j\/'><img loading=\"lazy\" decoding=\"async\" width=\"760\" height=\"497\" src=\"https:\/\/centralmedia.rs\/wp-content\/uploads\/2016\/07\/ugovor-2-cuprija-g.j..jpg\" class=\"attachment-large size-large\" alt=\"\" srcset=\"https:\/\/centralmedia.rs\/wp-content\/uploads\/2016\/07\/ugovor-2-cuprija-g.j..jpg 917w, https:\/\/centralmedia.rs\/wp-content\/uploads\/2016\/07\/ugovor-2-cuprija-g.j.-300x196.jpg 300w, https:\/\/centralmedia.rs\/wp-content\/uploads\/2016\/07\/ugovor-2-cuprija-g.j.-768x503.jpg 768w\" sizes=\"(max-width: 760px) 100vw, 760px\" \/><\/a>\n\t\t\t<\/div><\/figure>\n\t\t<\/div>\n<br \/>\n-Deca koja su u\u010destvovala na manifestaciji boravi\u0107e na Kipru krajem ove godine, a njima \u0107e dru\u0161tvo praviti \u0111aci generacije osnovnih i srednjih \u0161kola. U planu je bratimljenje jednog grada sa Kipra sa \u0106uprijom i to \u0107e biti prilika za novi boravak dece, rekao je predsednik te op\u0161tine Ninoslav Eri\u0107.<br \/>\nSlede\u0107e godine manifestacija ,,Srbija u ritmu Evrope\u201c bi\u0107e odr\u017eana u Somboru<\/p>\n<p><strong><em>Pozitivni primeri Razglednica iz <\/em><\/strong><strong><em>\u0106uprije<\/em><\/strong><strong><em> \u2013 Projekat se realizuje uz pomo\u0107 sredstava iz bud\u017eeta Op\u0161tine \u0106uprija.<\/em><\/strong><\/p>\n<p>&nbsp;<\/p>\n","protected":false},"excerpt":{"rendered":"<p>\u0106UPRIJA-\u0106uprija i Kipar krunisa\u0107e saradnju, zapo\u010detu pro\u0161le godine, boravkom dece koja su u\u010destvovala ove i pro\u0161le godine na manifestaciji ,,Srbija u ritmu Evrope\u201c, saop\u0161teno je &hellip; <\/p>\n","protected":false},"author":4,"featured_media":3731,"comment_status":"open","ping_status":"open","sticky":false,"template":"","format":"standard","meta":{"footnotes":""},"categories":[1515,1524,2,15,887,12],"tags":[44,944,969,895],"_links":{"self":[{"href":"https:\/\/centralmedia.rs\/index.php\/wp-json\/wp\/v2\/posts\/3730"}],"collection":[{"href":"https:\/\/centralmedia.rs\/index.php\/wp-json\/wp\/v2\/posts"}],"about":[{"href":"https:\/\/centralmedia.rs\/index.php\/wp-json\/wp\/v2\/types\/post"}],"author":[{"embeddable":true,"href":"https:\/\/centralmedia.rs\/index.php\/wp-json\/wp\/v2\/users\/4"}],"replies":[{"embeddable":true,"href":"https:\/\/centralmedia.rs\/index.php\/wp-json\/wp\/v2\/comments?post=3730"}],"version-history":[{"count":0,"href":"https:\/\/centralmedia.rs\/index.php\/wp-json\/wp\/v2\/posts\/3730\/revisions"}],"wp:featuredmedia":[{"embeddable":true,"href":"https:\/\/centralmedia.rs\/index.php\/wp-json\/wp\/v2\/media\/3731"}],"wp:attachment":[{"href":"https:\/\/centralmedia.rs\/index.php\/wp-json\/wp\/v2\/media?parent=3730"}],"wp:term":[{"taxonomy":"category","embeddable":true,"href":"https:\/\/centralmedia.rs\/index.php\/wp-json\/wp\/v2\/categories?post=3730"},{"taxonomy":"post_tag","embeddable":true,"href":"https:\/\/centralmedia.rs\/index.php\/wp-json\/wp\/v2\/tags?post=3730"}],"curies":[{"name":"wp","href":"https:\/\/api.w.org\/{rel}","templated":true}]}}