{"id":37305,"date":"2024-01-07T19:22:17","date_gmt":"2024-01-07T18:22:17","guid":{"rendered":"http:\/\/centralmedia.rs\/?p=37305"},"modified":"2024-01-12T20:41:54","modified_gmt":"2024-01-12T19:41:54","slug":"novogodisnji-bazar-2","status":"publish","type":"post","link":"https:\/\/centralmedia.rs\/index.php\/2024\/01\/07\/novogodisnji-bazar-2\/","title":{"rendered":"NOVOGODI\u0160NJI BAZAR"},"content":{"rendered":"<p>&nbsp;<\/p>\n<p>SVILAJNAC-Prazni\u010dni bazar na Trgu Stevana Sin\u0111eli\u0107a u Svilajncu zavr\u0161en je u subotu pesmom i igrom \u00a0najmla\u0111ih. Prethodnih deset dana Svilajn\u010dani su pratili raznovrsne programe na rekonstruisanom trgu. O\u017eivela je Kriva \u010dar\u0161ija kroz pravu novogodi\u0161nju i bo\u017ei\u0107nu bajku.<\/p>\n<div id='gallery-1' class='gallery galleryid-37305 gallery-columns-3 gallery-size-thumbnail'><figure class='gallery-item'>\n\t\t\t<div class='gallery-icon landscape'>\n\t\t\t\t<a href='https:\/\/centralmedia.rs\/index.php\/2024\/01\/07\/novogodisnji-bazar-2\/bazar-svilajnac-1\/'><img loading=\"lazy\" decoding=\"async\" width=\"150\" height=\"150\" src=\"https:\/\/centralmedia.rs\/wp-content\/uploads\/2024\/01\/bazar-svilajnac-1-150x150.png\" class=\"attachment-thumbnail size-thumbnail\" alt=\"\" \/><\/a>\n\t\t\t<\/div><\/figure><figure class='gallery-item'>\n\t\t\t<div class='gallery-icon landscape'>\n\t\t\t\t<a href='https:\/\/centralmedia.rs\/index.php\/2024\/01\/07\/novogodisnji-bazar-2\/bazar-svilajnac-2\/'><img loading=\"lazy\" decoding=\"async\" width=\"150\" height=\"150\" src=\"https:\/\/centralmedia.rs\/wp-content\/uploads\/2024\/01\/bazar-svilajnac-2-150x150.png\" class=\"attachment-thumbnail size-thumbnail\" alt=\"\" \/><\/a>\n\t\t\t<\/div><\/figure><figure class='gallery-item'>\n\t\t\t<div class='gallery-icon landscape'>\n\t\t\t\t<a href='https:\/\/centralmedia.rs\/index.php\/2024\/01\/07\/novogodisnji-bazar-2\/bazar-svilajnac-3\/'><img loading=\"lazy\" decoding=\"async\" width=\"150\" height=\"150\" src=\"https:\/\/centralmedia.rs\/wp-content\/uploads\/2024\/01\/bazar-svilajnac-3-150x150.png\" class=\"attachment-thumbnail size-thumbnail\" alt=\"\" \/><\/a>\n\t\t\t<\/div><\/figure>\n\t\t<\/div>\n\n","protected":false},"excerpt":{"rendered":"<p>&nbsp; SVILAJNAC-Prazni\u010dni bazar na Trgu Stevana Sin\u0111eli\u0107a u Svilajncu zavr\u0161en je u subotu pesmom i igrom \u00a0najmla\u0111ih. Prethodnih deset dana Svilajn\u010dani su pratili raznovrsne programe &hellip; <\/p>\n","protected":false},"author":2,"featured_media":37306,"comment_status":"open","ping_status":"open","sticky":false,"template":"","format":"standard","meta":{"footnotes":""},"categories":[1524,2,23,1517,3055],"tags":[6095,38],"_links":{"self":[{"href":"https:\/\/centralmedia.rs\/index.php\/wp-json\/wp\/v2\/posts\/37305"}],"collection":[{"href":"https:\/\/centralmedia.rs\/index.php\/wp-json\/wp\/v2\/posts"}],"about":[{"href":"https:\/\/centralmedia.rs\/index.php\/wp-json\/wp\/v2\/types\/post"}],"author":[{"embeddable":true,"href":"https:\/\/centralmedia.rs\/index.php\/wp-json\/wp\/v2\/users\/2"}],"replies":[{"embeddable":true,"href":"https:\/\/centralmedia.rs\/index.php\/wp-json\/wp\/v2\/comments?post=37305"}],"version-history":[{"count":1,"href":"https:\/\/centralmedia.rs\/index.php\/wp-json\/wp\/v2\/posts\/37305\/revisions"}],"predecessor-version":[{"id":37309,"href":"https:\/\/centralmedia.rs\/index.php\/wp-json\/wp\/v2\/posts\/37305\/revisions\/37309"}],"wp:featuredmedia":[{"embeddable":true,"href":"https:\/\/centralmedia.rs\/index.php\/wp-json\/wp\/v2\/media\/37306"}],"wp:attachment":[{"href":"https:\/\/centralmedia.rs\/index.php\/wp-json\/wp\/v2\/media?parent=37305"}],"wp:term":[{"taxonomy":"category","embeddable":true,"href":"https:\/\/centralmedia.rs\/index.php\/wp-json\/wp\/v2\/categories?post=37305"},{"taxonomy":"post_tag","embeddable":true,"href":"https:\/\/centralmedia.rs\/index.php\/wp-json\/wp\/v2\/tags?post=37305"}],"curies":[{"name":"wp","href":"https:\/\/api.w.org\/{rel}","templated":true}]}}