{"id":37332,"date":"2024-01-08T15:06:57","date_gmt":"2024-01-08T14:06:57","guid":{"rendered":"http:\/\/centralmedia.rs\/?p=37332"},"modified":"2024-01-12T20:43:07","modified_gmt":"2024-01-12T19:43:07","slug":"muslimanski-genocid-bez-kazne-31-godina-od-stradanja-srba-u-kravici","status":"publish","type":"post","link":"https:\/\/centralmedia.rs\/index.php\/2024\/01\/08\/muslimanski-genocid-bez-kazne-31-godina-od-stradanja-srba-u-kravici\/","title":{"rendered":"MUSLIMANSKI GENOCID BEZ KAZNE \u2013 31. GODINA OD STRADANJA SRBA U KRAVICI"},"content":{"rendered":"<p>&nbsp;<\/p>\n<p>Na Bo\u017ei\u0107 7. januara 1993. godine, u selo Kravica, gde su me\u0161tani slavili Bo\u017ei\u0107, upalo je vi\u0161e od 3.000 pripadnika muslimanskih snaga iz Srebrenice. Ubijeno je 49 mu\u0161karaca, \u017eena i staraca. Najstarija \u017ertva Mara Bo\u017ei\u0107 imala je 84 godine. Za genocid u Kravici ni posle 31. godine niko nije odgovarao. U Kravici kod Bratunca odata po\u0161ta i polo\u017eeno cvije\u0107e uz spomen-krst za 3.267 ubijenih srpskih civila i boraca iz srednjeg Podrinja i Bir\u010da.Fadila Muji\u0107\u00a0iz udru\u017eenja &#8220;Majke Srebrenice&#8221;\u00a0priznala je svojevremeno da je znala i u\u010destvovala u napadu na Srbe u\u00a0Kravici\u00a0na Bo\u017ei\u0107 1993. godine.<\/p>\n<blockquote class=\"twitter-tweet\" data-width=\"550\" data-dnt=\"true\">\n<p lang=\"und\" dir=\"ltr\">Bo\u017ei\u0107 &#8211; 1993. godina, Naser Ori\u0107 sa svojim zlo\u010dincima upada u selo <a href=\"https:\/\/twitter.com\/hashtag\/Kravica?src=hash&amp;ref_src=twsrc%5Etfw\">#Kravica<\/a>. Fadila Muji\u0107 iz udru\u017eenja Majke <a href=\"https:\/\/twitter.com\/hashtag\/Srebrenica?src=hash&amp;ref_src=twsrc%5Etfw\">#Srebrenica<\/a> otvoreno priznaje da je znala za napad i u njemu u\u010destvovala. Najmla\u0111a \u017ertva tog zlo\u010dina je Vladimir Gaji\u0107, imao je 4 godine. <br \/>PODIJELITE, dosta je bilo la\u017ei! <a href=\"https:\/\/t.co\/YZrpsX2HUO\">pic.twitter.com\/YZrpsX2HUO<\/a><\/p>\n<p>&mdash; Kand\u017eija (@Kandzija_) <a href=\"https:\/\/twitter.com\/Kandzija_\/status\/1488822276694978562?ref_src=twsrc%5Etfw\">February 2, 2022<\/a><\/p><\/blockquote>\n<p><script async src=\"https:\/\/platform.twitter.com\/widgets.js\" charset=\"utf-8\"><\/script><\/p>\n<p>\u0408utro na Bo\u017ei\u0107 1993. godine u selu Kravica, iako ratno, osvanulo je sve\u010darski. Me\u0161tani su slavili Bo\u017ei\u0107 i spremali se za odlazak u crkvu. Ono \u0161to je usledilo, pre\u017eiveli ka\u017eu, ne mo\u017ee se ni zamisliti. Na selo se sru\u010dilo vi\u0161e od 3.000 pripadnika muslimanskih snaga iz Srebrenice. Srpskih vojnika, pri\u010daju, nije bilo vi\u0161e od 300. Ubijeno je 49 mu\u0161karaca, \u017eena i staraca. Najstarija \u017ertva Mara Bo\u017ei\u0107 imala je 84 godine. Spaljeno je 690 ku\u0107a i pomo\u0107nih objekta, sru\u0161ena crkva, prekopana groblja. Dva meseca selo je bilo pod opsadom muslimanskih snaga. Za zlo\u010dine u Kravici niko nije odgovarao.<\/p>\n<p><img loading=\"lazy\" decoding=\"async\" class=\"alignnone wp-image-37336 size-large\" src=\"http:\/\/centralmedia.rs\/wp-content\/uploads\/2024\/01\/kravica-1024x683.jpg\" alt=\"\" width=\"640\" height=\"427\" srcset=\"https:\/\/centralmedia.rs\/wp-content\/uploads\/2024\/01\/kravica-1024x683.jpg 1024w, https:\/\/centralmedia.rs\/wp-content\/uploads\/2024\/01\/kravica-300x200.jpg 300w, https:\/\/centralmedia.rs\/wp-content\/uploads\/2024\/01\/kravica-768x512.jpg 768w, https:\/\/centralmedia.rs\/wp-content\/uploads\/2024\/01\/kravica-630x420.jpg 630w, https:\/\/centralmedia.rs\/wp-content\/uploads\/2024\/01\/kravica-640x427.jpg 640w, https:\/\/centralmedia.rs\/wp-content\/uploads\/2024\/01\/kravica-681x454.jpg 681w, https:\/\/centralmedia.rs\/wp-content\/uploads\/2024\/01\/kravica.jpg 1800w\" sizes=\"(max-width: 640px) 100vw, 640px\" \/><\/p>\n<p>U bratuna\u010dkom selu Kravica slu\u017een je parastos za 158 Srba iz ovog mjesta i susednih zaselaka stradalih \u00a0u Odbrambeno-otad\u017ebinskom ratu, od kojih su njih 49 brutalno ubile muslimanske snage iz Srebrenice na Bo\u017ei\u0107 1993. godine.<\/p>\n<p><img loading=\"lazy\" decoding=\"async\" class=\"alignnone wp-image-30097 size-full\" src=\"http:\/\/centralmedia.rs\/wp-content\/uploads\/2022\/01\/naser-oric-sa-koljacima.jpg\" alt=\"\" width=\"1000\" height=\"623\" srcset=\"https:\/\/centralmedia.rs\/wp-content\/uploads\/2022\/01\/naser-oric-sa-koljacima.jpg 1000w, https:\/\/centralmedia.rs\/wp-content\/uploads\/2022\/01\/naser-oric-sa-koljacima-300x187.jpg 300w, https:\/\/centralmedia.rs\/wp-content\/uploads\/2022\/01\/naser-oric-sa-koljacima-768x478.jpg 768w, https:\/\/centralmedia.rs\/wp-content\/uploads\/2022\/01\/naser-oric-sa-koljacima-674x420.jpg 674w, https:\/\/centralmedia.rs\/wp-content\/uploads\/2022\/01\/naser-oric-sa-koljacima-640x399.jpg 640w, https:\/\/centralmedia.rs\/wp-content\/uploads\/2022\/01\/naser-oric-sa-koljacima-681x424.jpg 681w\" sizes=\"(max-width: 1000px) 100vw, 1000px\" \/><\/p>\n<p>Predsednik Vlade Republike Srpske Radovan Vi\u0161kovi\u0107 izjavio je da \u0107e institucije Republike Srpske nastaviti da dokumentuju i iznose istinu o tome \u0161ta se zaista desilo na podru\u010dju bratuna\u010dke mjesne zajednice Kravica, gdje je izvr\u0161en stravi\u010dan zlo\u010din na srpskim stanovni\u0161tvom.<\/p>\n<p>Vi\u0161kovi\u0107 je rekao da za taj zlo\u010din niko nije odgovarao ili je bilo poku\u0161aja odgovornosti, te istakao da kad-tad mora do\u0107i ruka pravde koja \u0107e pokazati da nisu nastradali samo Bo\u0161njaci, nego i Srbi.<\/p>\n<p>On je podsetio da se ratnom komandantu tzv. Armije BiH u Srbenici Naseru Ori\u0107u dva puta poku\u0161alo suditi za ove zlo\u010dine, ali da je Sud BiH sud nepravde koji je odlu\u010dio da za ove \u017ertve ne treba niko da odgovara, te da je to bio legalni vojni cilj kada ljudi slave Bo\u017ei\u0107 u svojim ku\u0107ama i sa porodicama.<\/p>\n<p>&#8211; To je BiH. To je ta pri\u010da i te takozvane me\u0111unarodne zajednice koja i zlo\u010dine i \u017ertve deli u BiH &#8211; rekao je Vi\u0161kovi\u0107 novinarima u Kravici kod Bratunca gde je odata po\u0161ta i polo\u017eeno cvije\u0107e uz spomen-krst za 3.267 poginulih srpskih civila i boraca iz srednjeg Podrinja i Bir\u010da.<\/p>\n<p>Predsednik Milorad Dodik je naglasio da ni 31 godinu nakon genocida nema imena ubica i zlo\u010dinaca, te da to potvr\u0111uje kakva se politika vodi protiv Srba i Republike Srpske i kako se na podmukao na\u010din falsifikuje istorija.<\/p>\n<p>Foto Vlada Republike Srpske<\/p>\n<p>&nbsp;<\/p>\n","protected":false},"excerpt":{"rendered":"<p>&nbsp; Na Bo\u017ei\u0107 7. januara 1993. godine, u selo Kravica, gde su me\u0161tani slavili Bo\u017ei\u0107, upalo je vi\u0161e od 3.000 pripadnika muslimanskih snaga iz Srebrenice. &hellip; <\/p>\n","protected":false},"author":2,"featured_media":37334,"comment_status":"open","ping_status":"open","sticky":false,"template":"","format":"standard","meta":{"footnotes":""},"categories":[20,2,12],"tags":[6417,5655],"_links":{"self":[{"href":"https:\/\/centralmedia.rs\/index.php\/wp-json\/wp\/v2\/posts\/37332"}],"collection":[{"href":"https:\/\/centralmedia.rs\/index.php\/wp-json\/wp\/v2\/posts"}],"about":[{"href":"https:\/\/centralmedia.rs\/index.php\/wp-json\/wp\/v2\/types\/post"}],"author":[{"embeddable":true,"href":"https:\/\/centralmedia.rs\/index.php\/wp-json\/wp\/v2\/users\/2"}],"replies":[{"embeddable":true,"href":"https:\/\/centralmedia.rs\/index.php\/wp-json\/wp\/v2\/comments?post=37332"}],"version-history":[{"count":5,"href":"https:\/\/centralmedia.rs\/index.php\/wp-json\/wp\/v2\/posts\/37332\/revisions"}],"predecessor-version":[{"id":37339,"href":"https:\/\/centralmedia.rs\/index.php\/wp-json\/wp\/v2\/posts\/37332\/revisions\/37339"}],"wp:featuredmedia":[{"embeddable":true,"href":"https:\/\/centralmedia.rs\/index.php\/wp-json\/wp\/v2\/media\/37334"}],"wp:attachment":[{"href":"https:\/\/centralmedia.rs\/index.php\/wp-json\/wp\/v2\/media?parent=37332"}],"wp:term":[{"taxonomy":"category","embeddable":true,"href":"https:\/\/centralmedia.rs\/index.php\/wp-json\/wp\/v2\/categories?post=37332"},{"taxonomy":"post_tag","embeddable":true,"href":"https:\/\/centralmedia.rs\/index.php\/wp-json\/wp\/v2\/tags?post=37332"}],"curies":[{"name":"wp","href":"https:\/\/api.w.org\/{rel}","templated":true}]}}